{"id":9939,"date":"2010-05-14T07:57:54","date_gmt":"2010-05-14T10:57:54","guid":{"rendered":"http:\/\/www.walcordeiro.com.br\/v1\/?p=9939"},"modified":"2010-05-14T07:57:54","modified_gmt":"2010-05-14T10:57:54","slug":"uma-pessoa-morre-em-acidente-no-trevo-do-km-04-na-br-116-em-jequie","status":"publish","type":"post","link":"https:\/\/www.walcordeiro.com.br\/v1\/2010\/05\/14\/uma-pessoa-morre-em-acidente-no-trevo-do-km-04-na-br-116-em-jequie\/","title":{"rendered":"Uma pessoa morre em acidente no trevo do km 04 na BR-116 em Jequi\u00e9"},"content":{"rendered":"<p><strong>Renato estava em companhia da esposa que sofreu les\u00f5es graves e foi levada para o Hospital Prado Valadares<\/strong><\/p>\n<p><img decoding=\"async\" src=\"http:\/\/nildofreitas.com\/v2\/thumbnail.php?file=ACIDENTE_464239431.jpg&amp;size=article_medium\" alt=\"image\" \/><\/p>\n<p>O auditor fiscal do estado, Renato Alc\u00e2ntara de Andrade, 66 anos, morreu na manh\u00e3 desta quinta-feira (13), quando o ve\u00edculo que dirigia, a caminhonete Hilux de placa JRK- 0702 \/Salvador, bateu na lateral de uma carreta da empresa Rodoborges Express placa CUP- 7908 de Osasco-SP.<\/p>\n<p>Renato\u00a0estava em companhia da esposa Maria Lina Brand\u00e3o Andrade, 61 anos, que sofreu les\u00f5es graves e foi levada para a emerg\u00eancia do Hospital Geral Prado Valadares.<\/p>\n<p>Segundo informa\u00e7\u00f5es da Policia Rodovi\u00e1ria Federal (PRF), o motorista da caminhonete fazia a travessia da BR 116, no Trevo do Km 4, e n\u00e3o percebeu a presen\u00e7a da carreta que seguia na preferencial no sentido Jequi\u00e9-Salvador. A carreta desceu uma ribanceira, chocando-se com um poste. O motorista sofreu leves escoria\u00e7\u00f5es.<\/p>\n<p>Renato Alc\u00e2ntara \u00e9 pai de tr\u00eas filhos maiores, tendo como irm\u00e3os o auditor fiscal do estado, Rafael Alc\u00e2ntara e o m\u00e9dico Romildo Alc\u00e2ntara Andrade, prefeito do munic\u00edpio de Santa In\u00eas. <em>Com informa\u00e7\u00f5es do Blog do Rep\u00f3rter Tatu\/ Nildo Freitas<\/em><\/p>\n","protected":false},"excerpt":{"rendered":"<p>Renato estava em companhia da esposa que sofreu les\u00f5es graves e foi levada para o Hospital Prado Valadares O auditor fiscal do estado, Renato Alc\u00e2ntara de Andrade, 66 anos, morreu na manh\u00e3 desta quinta-feira (13), quando o ve\u00edculo que dirigia, a caminhonete Hilux de placa JRK- 0702 \/Salvador, bateu na lateral de uma carreta da empresa Rodoborges Express placa CUP- 7908 de Osasco-SP. Renato\u00a0estava em companhia da esposa Maria Lina Brand\u00e3o Andrade, 61 anos, que sofreu les\u00f5es graves e foi levada para a emerg\u00eancia do Hospital Geral Prado Valadares. Segundo informa\u00e7\u00f5es da Policia Rodovi\u00e1ria Federal (PRF), o motorista da caminhonete&#8230;<\/p>\n","protected":false},"author":2,"featured_media":0,"comment_status":"open","ping_status":"open","sticky":false,"template":"","format":"standard","meta":{"footnotes":"","_links_to":"","_links_to_target":""},"categories":[6],"tags":[123,1092],"class_list":["post-9939","post","type-post","status-publish","format-standard","hentry","category-noticias","tag-acidente","tag-jequie"],"acf":[],"views":1231,"_links":{"self":[{"href":"https:\/\/www.walcordeiro.com.br\/v1\/wp-json\/wp\/v2\/posts\/9939","targetHints":{"allow":["GET"]}}],"collection":[{"href":"https:\/\/www.walcordeiro.com.br\/v1\/wp-json\/wp\/v2\/posts"}],"about":[{"href":"https:\/\/www.walcordeiro.com.br\/v1\/wp-json\/wp\/v2\/types\/post"}],"author":[{"embeddable":true,"href":"https:\/\/www.walcordeiro.com.br\/v1\/wp-json\/wp\/v2\/users\/2"}],"replies":[{"embeddable":true,"href":"https:\/\/www.walcordeiro.com.br\/v1\/wp-json\/wp\/v2\/comments?post=9939"}],"version-history":[{"count":2,"href":"https:\/\/www.walcordeiro.com.br\/v1\/wp-json\/wp\/v2\/posts\/9939\/revisions"}],"predecessor-version":[{"id":9941,"href":"https:\/\/www.walcordeiro.com.br\/v1\/wp-json\/wp\/v2\/posts\/9939\/revisions\/9941"}],"wp:attachment":[{"href":"https:\/\/www.walcordeiro.com.br\/v1\/wp-json\/wp\/v2\/media?parent=9939"}],"wp:term":[{"taxonomy":"category","embeddable":true,"href":"https:\/\/www.walcordeiro.com.br\/v1\/wp-json\/wp\/v2\/categories?post=9939"},{"taxonomy":"post_tag","embeddable":true,"href":"https:\/\/www.walcordeiro.com.br\/v1\/wp-json\/wp\/v2\/tags?post=9939"}],"curies":[{"name":"wp","href":"https:\/\/api.w.org\/{rel}","templated":true}]}}