{"id":9705,"date":"2010-05-12T14:35:55","date_gmt":"2010-05-12T17:35:55","guid":{"rendered":"http:\/\/www.walcordeiro.com.br\/v1\/?p=9705"},"modified":"2010-05-12T14:35:55","modified_gmt":"2010-05-12T17:35:55","slug":"bahia-policiais-civis-decidem-se-entram-em-greve","status":"publish","type":"post","link":"https:\/\/www.walcordeiro.com.br\/v1\/2010\/05\/12\/bahia-policiais-civis-decidem-se-entram-em-greve\/","title":{"rendered":"Bahia: Policiais Civis decidem se entram em greve"},"content":{"rendered":"<p>Nesta sexta-feira(15), os policiais civis decidem em Assembleia Nacional se entram em greve por tempo indeterminado a partir do dia 19 de maio. O motivo da poss\u00edvel greve por tempo indeterminado \u00e9 a n\u00e3o vota\u00e7\u00e3o da PEC 446\/300, que cria o piso salarial provis\u00f3rio a policiais civis, militares e bombeiros militares de R$ 3,5 mil.<\/p>\n<p>A greve somente ser\u00e1 suspensa se a PEC 446\/300 for aprovada na C\u00e2mara Federal em Bras\u00edlia at\u00e9 o dia 18 de maio. Al\u00e9m da vota\u00e7\u00e3o da greve por tempo indeterminado haver\u00e1 discuss\u00e3o sobre a aprova\u00e7\u00e3o do projeto de lei que cria os cargos da Nova Cadeia P\u00fablica (Cust\u00f3dias). <em>Do Ibahia<\/em><\/p>\n","protected":false},"excerpt":{"rendered":"<p>Nesta sexta-feira(15), os policiais civis decidem em Assembleia Nacional se entram em greve por tempo indeterminado a partir do dia 19 de maio. O motivo da poss\u00edvel greve por tempo indeterminado \u00e9 a n\u00e3o vota\u00e7\u00e3o da PEC 446\/300, que cria o piso salarial provis\u00f3rio a policiais civis, militares e bombeiros militares de R$ 3,5 mil. A greve somente ser\u00e1 suspensa se a PEC 446\/300 for aprovada na C\u00e2mara Federal em Bras\u00edlia at\u00e9 o dia 18 de maio. Al\u00e9m da vota\u00e7\u00e3o da greve por tempo indeterminado haver\u00e1 discuss\u00e3o sobre a aprova\u00e7\u00e3o do projeto de lei que cria os cargos da Nova&#8230;<\/p>\n","protected":false},"author":2,"featured_media":0,"comment_status":"open","ping_status":"open","sticky":false,"template":"","format":"standard","meta":{"footnotes":"","_links_to":"","_links_to_target":""},"categories":[6],"tags":[222,766,205],"class_list":["post-9705","post","type-post","status-publish","format-standard","hentry","category-noticias","tag-bahia","tag-greve","tag-policia-civil"],"acf":[],"views":485,"_links":{"self":[{"href":"https:\/\/www.walcordeiro.com.br\/v1\/wp-json\/wp\/v2\/posts\/9705","targetHints":{"allow":["GET"]}}],"collection":[{"href":"https:\/\/www.walcordeiro.com.br\/v1\/wp-json\/wp\/v2\/posts"}],"about":[{"href":"https:\/\/www.walcordeiro.com.br\/v1\/wp-json\/wp\/v2\/types\/post"}],"author":[{"embeddable":true,"href":"https:\/\/www.walcordeiro.com.br\/v1\/wp-json\/wp\/v2\/users\/2"}],"replies":[{"embeddable":true,"href":"https:\/\/www.walcordeiro.com.br\/v1\/wp-json\/wp\/v2\/comments?post=9705"}],"version-history":[{"count":1,"href":"https:\/\/www.walcordeiro.com.br\/v1\/wp-json\/wp\/v2\/posts\/9705\/revisions"}],"predecessor-version":[{"id":9706,"href":"https:\/\/www.walcordeiro.com.br\/v1\/wp-json\/wp\/v2\/posts\/9705\/revisions\/9706"}],"wp:attachment":[{"href":"https:\/\/www.walcordeiro.com.br\/v1\/wp-json\/wp\/v2\/media?parent=9705"}],"wp:term":[{"taxonomy":"category","embeddable":true,"href":"https:\/\/www.walcordeiro.com.br\/v1\/wp-json\/wp\/v2\/categories?post=9705"},{"taxonomy":"post_tag","embeddable":true,"href":"https:\/\/www.walcordeiro.com.br\/v1\/wp-json\/wp\/v2\/tags?post=9705"}],"curies":[{"name":"wp","href":"https:\/\/api.w.org\/{rel}","templated":true}]}}