{"id":9652,"date":"2010-05-12T09:54:48","date_gmt":"2010-05-12T12:54:48","guid":{"rendered":"http:\/\/www.walcordeiro.com.br\/v1\/?p=9652"},"modified":"2010-05-12T09:54:48","modified_gmt":"2010-05-12T12:54:48","slug":"trecho-entre-feira-de-santana-e-salvador-sera-interditado-para-obras","status":"publish","type":"post","link":"https:\/\/www.walcordeiro.com.br\/v1\/2010\/05\/12\/trecho-entre-feira-de-santana-e-salvador-sera-interditado-para-obras\/","title":{"rendered":"Trecho entre Feira de Santana e Salvador ser\u00e1 interditado para obras"},"content":{"rendered":"<p><strong><em>A TARDE On Line<\/em><\/strong><\/p>\n<div id=\"HOTWordsTxt\">\n<p>O trecho da BR 324 entre as cidades de Salvador e Feira da Santana (distante a 109km da capital baiana) ser\u00e1 interditado entre os dias 12 e 13 de maio (quarta e quinta-feira), no trecho entre a Brasilg\u00e1s e o canteiro de obras da OAS, informou a Viabahia Concession\u00e1ria de Rodovias S\/A, <a onclick=\"hwClick249293(undefined);return false;\" onmouseover=\"hw249293(event, this, 'undefined'); this.style.cursor='hand'; this.style.textDecoration='underline'; this.style.borderBottom='solid';\" onmouseout=\"hideMaybe('HOTWordsTitle'); this.style.cursor='hand'; this.style.textDecoration='underline'; this.style.borderBottom='dotted 1px'; \" href=\"#\">empresa<\/a> que <a onclick=\"hwClick349293(undefined);return false;\" onmouseover=\"hw349293(event, this, 'undefined'); this.style.cursor='hand'; this.style.textDecoration='underline'; this.style.borderBottom='solid';\" onmouseout=\"hideMaybe('HOTWordsTitle'); this.style.cursor='hand'; this.style.textDecoration='underline'; this.style.borderBottom='dotted 1px'; \" href=\"#\">administra<\/a> a via desde outubro de 2009.<\/p>\n<p>Haver\u00e1 a interdi\u00e7\u00e3o de duas faixas em cada sentido, para que sejam realizados os servi\u00e7os de micro-revestimento asf\u00e1ltico com seguran\u00e7a. Em comunicado divulgado, a concession\u00e1ria solicita aos motoristas que evitem usar os trechos. J\u00e1 para aqueles condutores que precisam trafegar pela rodovia, a concession\u00e1ria informa que planejem suas viagens levando em considera\u00e7\u00e3o o andamento dos servi\u00e7os, o que pode causar a necessidade de um tempo maior para o deslocamento.<!--more--><\/p>\n<p>De acordo com <a onclick=\"hwClick049293(undefined);return false;\" onmouseover=\"hw049293(event, this, 'undefined'); this.style.cursor='hand'; this.style.textDecoration='underline'; this.style.borderBottom='solid';\" onmouseout=\"hideMaybe('HOTWordsTitle'); this.style.cursor='hand'; this.style.textDecoration='underline'; this.style.borderBottom='dotted 1px'; \" href=\"#\">informa\u00e7\u00f5es<\/a> da empresa, a Viabahia presta atendimento <a onclick=\"hwClick149293(undefined);return false;\" onmouseover=\"hw149293(event, this, 'undefined'); this.style.cursor='hand'; this.style.textDecoration='underline'; this.style.borderBottom='solid';\" onmouseout=\"hideMaybe('HOTWordsTitle'); this.style.cursor='hand'; this.style.textDecoration='underline'; this.style.borderBottom='dotted 1px'; \" href=\"#\">m\u00e9dico<\/a> e mec\u00e2nico de urg\u00eancia aos usu\u00e1rios da rodovia atrav\u00e9s dos telefones 0800-6000-324 para a BR 324 e 0800-6000-116 para a BR 116.<\/p>\n<p><strong>Confira os trechos que ter\u00e3o altera\u00e7\u00f5es:<\/strong><\/p>\n<p>&gt;&gt; Quarta-feira (dia 12 de maio):<br \/>\nDas 8h30 \u00e0s 13h ser\u00e3o interditadas duas faixas entre os KM 620 e 624 no sentido Feira \u2013 Salvador;<br \/>\nDas 13h \u00e0s 16h30 ser\u00e3o interditadas duas faixas entre os KM 623 e 620 no sentido Salvador \u2013 Feira.<br \/>\n\u00a0<br \/>\n&gt;&gt; Quinta-feira (dia 13 de maio):<br \/>\nDas 8h30 \u00e0s 16h30 ser\u00e3o interditadas duas faixas entre os KM 620 e 624 no sentido Feira \u2013 Salvador.<\/p>\n<\/div>\n","protected":false},"excerpt":{"rendered":"<p>A TARDE On Line O trecho da BR 324 entre as cidades de Salvador e Feira da Santana (distante a 109km da capital baiana) ser\u00e1 interditado entre os dias 12 e 13 de maio (quarta e quinta-feira), no trecho entre a Brasilg\u00e1s e o canteiro de obras da OAS, informou a Viabahia Concession\u00e1ria de Rodovias S\/A, empresa que administra a via desde outubro de 2009. Haver\u00e1 a interdi\u00e7\u00e3o de duas faixas em cada sentido, para que sejam realizados os servi\u00e7os de micro-revestimento asf\u00e1ltico com seguran\u00e7a. Em comunicado divulgado, a concession\u00e1ria solicita aos motoristas que evitem usar os trechos. J\u00e1 para&#8230;<\/p>\n","protected":false},"author":2,"featured_media":0,"comment_status":"open","ping_status":"open","sticky":false,"template":"","format":"standard","meta":{"footnotes":"","_links_to":"","_links_to_target":""},"categories":[6],"tags":[452,2685,519],"class_list":["post-9652","post","type-post","status-publish","format-standard","hentry","category-noticias","tag-feira-de-santana","tag-rodovia","tag-salvador"],"acf":[],"views":742,"_links":{"self":[{"href":"https:\/\/www.walcordeiro.com.br\/v1\/wp-json\/wp\/v2\/posts\/9652","targetHints":{"allow":["GET"]}}],"collection":[{"href":"https:\/\/www.walcordeiro.com.br\/v1\/wp-json\/wp\/v2\/posts"}],"about":[{"href":"https:\/\/www.walcordeiro.com.br\/v1\/wp-json\/wp\/v2\/types\/post"}],"author":[{"embeddable":true,"href":"https:\/\/www.walcordeiro.com.br\/v1\/wp-json\/wp\/v2\/users\/2"}],"replies":[{"embeddable":true,"href":"https:\/\/www.walcordeiro.com.br\/v1\/wp-json\/wp\/v2\/comments?post=9652"}],"version-history":[{"count":1,"href":"https:\/\/www.walcordeiro.com.br\/v1\/wp-json\/wp\/v2\/posts\/9652\/revisions"}],"predecessor-version":[{"id":9653,"href":"https:\/\/www.walcordeiro.com.br\/v1\/wp-json\/wp\/v2\/posts\/9652\/revisions\/9653"}],"wp:attachment":[{"href":"https:\/\/www.walcordeiro.com.br\/v1\/wp-json\/wp\/v2\/media?parent=9652"}],"wp:term":[{"taxonomy":"category","embeddable":true,"href":"https:\/\/www.walcordeiro.com.br\/v1\/wp-json\/wp\/v2\/categories?post=9652"},{"taxonomy":"post_tag","embeddable":true,"href":"https:\/\/www.walcordeiro.com.br\/v1\/wp-json\/wp\/v2\/tags?post=9652"}],"curies":[{"name":"wp","href":"https:\/\/api.w.org\/{rel}","templated":true}]}}