{"id":9236,"date":"2010-05-10T08:13:03","date_gmt":"2010-05-10T11:13:03","guid":{"rendered":"http:\/\/www.walcordeiro.com.br\/v1\/?p=9236"},"modified":"2010-05-10T08:13:03","modified_gmt":"2010-05-10T11:13:03","slug":"tre-cassa-mandato-de-prefeito-de-municipio-do-sul-da-bahia","status":"publish","type":"post","link":"https:\/\/www.walcordeiro.com.br\/v1\/2010\/05\/10\/tre-cassa-mandato-de-prefeito-de-municipio-do-sul-da-bahia\/","title":{"rendered":"TRE cassa mandato de prefeito de munic\u00edpio do sul da Bahia"},"content":{"rendered":"<p><strong>Prefeito do PC do B tem mandato cassado pelo TRE por compra de votos durante as elei\u00e7\u00f5es de 2008<\/strong><\/p>\n<p><img loading=\"lazy\" decoding=\"async\" src=\"http:\/\/www.bahiadiadia.com.br\/e107_images\/newspost_images\/prefeito_ubata.gif\" border=\"0\" alt=\"\" width=\"450\" height=\"372\" align=\"middle\" \/><\/p>\n<p><strong>UBAT\u00c3<\/strong>-Definitivamente, n\u00e3o se faz mais comunista como antigamente. O prefeito de Ubat\u00e3, Agilson Muniz, do PC do B, teve seu mandato cassado pelo Tribunal Regional Eleitoral (TRE) por abuso de poder econ\u00f4mico e compra de votos na campanha eleitoral de 2008.<\/p>\n<p>A C\u00e2mara dever\u00e1 empossar na pr\u00f3xima semana o segundo colocado nas elei\u00e7\u00f5es, Edson Neves.<\/p>\n<p>Os advogados do prefeito comunista v\u00e3o recorrer. <em>Do Bahia Dia Dia<\/em><\/p>\n","protected":false},"excerpt":{"rendered":"<p>Prefeito do PC do B tem mandato cassado pelo TRE por compra de votos durante as elei\u00e7\u00f5es de 2008 UBAT\u00c3-Definitivamente, n\u00e3o se faz mais comunista como antigamente. O prefeito de Ubat\u00e3, Agilson Muniz, do PC do B, teve seu mandato cassado pelo Tribunal Regional Eleitoral (TRE) por abuso de poder econ\u00f4mico e compra de votos na campanha eleitoral de 2008. A C\u00e2mara dever\u00e1 empossar na pr\u00f3xima semana o segundo colocado nas elei\u00e7\u00f5es, Edson Neves. Os advogados do prefeito comunista v\u00e3o recorrer. Do Bahia Dia Dia<\/p>\n","protected":false},"author":2,"featured_media":0,"comment_status":"open","ping_status":"open","sticky":false,"template":"","format":"standard","meta":{"footnotes":"","_links_to":"","_links_to_target":""},"categories":[6],"tags":[3918,348,1285,3917],"class_list":["post-9236","post","type-post","status-publish","format-standard","hentry","category-noticias","tag-mandato","tag-prefeito","tag-tre","tag-ubata"],"acf":[],"views":837,"_links":{"self":[{"href":"https:\/\/www.walcordeiro.com.br\/v1\/wp-json\/wp\/v2\/posts\/9236","targetHints":{"allow":["GET"]}}],"collection":[{"href":"https:\/\/www.walcordeiro.com.br\/v1\/wp-json\/wp\/v2\/posts"}],"about":[{"href":"https:\/\/www.walcordeiro.com.br\/v1\/wp-json\/wp\/v2\/types\/post"}],"author":[{"embeddable":true,"href":"https:\/\/www.walcordeiro.com.br\/v1\/wp-json\/wp\/v2\/users\/2"}],"replies":[{"embeddable":true,"href":"https:\/\/www.walcordeiro.com.br\/v1\/wp-json\/wp\/v2\/comments?post=9236"}],"version-history":[{"count":1,"href":"https:\/\/www.walcordeiro.com.br\/v1\/wp-json\/wp\/v2\/posts\/9236\/revisions"}],"predecessor-version":[{"id":9237,"href":"https:\/\/www.walcordeiro.com.br\/v1\/wp-json\/wp\/v2\/posts\/9236\/revisions\/9237"}],"wp:attachment":[{"href":"https:\/\/www.walcordeiro.com.br\/v1\/wp-json\/wp\/v2\/media?parent=9236"}],"wp:term":[{"taxonomy":"category","embeddable":true,"href":"https:\/\/www.walcordeiro.com.br\/v1\/wp-json\/wp\/v2\/categories?post=9236"},{"taxonomy":"post_tag","embeddable":true,"href":"https:\/\/www.walcordeiro.com.br\/v1\/wp-json\/wp\/v2\/tags?post=9236"}],"curies":[{"name":"wp","href":"https:\/\/api.w.org\/{rel}","templated":true}]}}