{"id":9164,"date":"2010-05-09T17:43:51","date_gmt":"2010-05-09T20:43:51","guid":{"rendered":"http:\/\/www.walcordeiro.com.br\/v1\/?p=9164"},"modified":"2010-05-09T17:43:51","modified_gmt":"2010-05-09T20:43:51","slug":"lula-recebera-premio-da-onu-por-combate-a-pobresa","status":"publish","type":"post","link":"https:\/\/www.walcordeiro.com.br\/v1\/2010\/05\/09\/lula-recebera-premio-da-onu-por-combate-a-pobresa\/","title":{"rendered":"Lula receber\u00e1 pr\u00eamio da ONU por combate a pobresa"},"content":{"rendered":"<p>O Programa Mundial de Alimentos da ONU (Organiza\u00e7\u00e3o das Na\u00e7\u00f5es Unidas) ir\u00e1 premiar o presidente Luiz In\u00e1cio Lula da Silva pelos programas de seu governo de combate \u00e0 fome.<\/p>\n<p>O pr\u00eamio &#8211;chamado de &#8220;campe\u00e3o mundial na luta contra a fome&#8221;&#8211; ser\u00e1 entregue na pr\u00f3xima semana pela diretora executiva da ag\u00eancia da ONU, Josette Sheeran.<\/p>\n<p>Ela faz de dois dias pelo Brasil para conferir o resultado dos programas sociais do governo. Sheeran participa de um congresso em Bras\u00edlia com pa\u00edses africanos sobre a quest\u00e3o alimentar.<\/p>\n<p>Na semana passada, Lula foi eleito pela revista &#8220;Time&#8221; um dos l\u00edderes mais influentes do mundo de 2010. Lula j\u00e1 havia aparecido na lista da &#8220;Time&#8221; em 2004.<\/p>\n<p>Em janeiro, ele tamb\u00e9m conquistou o &#8220;Pr\u00eamio Estadista Global&#8221;, do F\u00f3rum Econ\u00f4mico Mundial. O jornal &#8220;Le Monde&#8221; tamb\u00e9m escolheu Lula como &#8220;Homem do Ano&#8221; de 2009. O pr\u00eamio foi criado no ano passado pelo jornal franc\u00eas.<!--more--><\/p>\n<p>Em dezembro, o jornal espanhol &#8220;El Pa\u00eds&#8221; concedeu a Lula o pr\u00eamio de &#8220;personagem ibero-americano de 2009&#8221;. O presidente ainda foi colocado pelo &#8220;Financial Times&#8221; na lista das 50 personalidades que moldaram a d\u00e9cada de 2000. A Lula foi a \u00fanica pessoa da Am\u00e9rica Latina a aparecer na lista. Jornal Dia Dia<\/p>\n","protected":false},"excerpt":{"rendered":"<p>O Programa Mundial de Alimentos da ONU (Organiza\u00e7\u00e3o das Na\u00e7\u00f5es Unidas) ir\u00e1 premiar o presidente Luiz In\u00e1cio Lula da Silva pelos programas de seu governo de combate \u00e0 fome. O pr\u00eamio &#8211;chamado de &#8220;campe\u00e3o mundial na luta contra a fome&#8221;&#8211; ser\u00e1 entregue na pr\u00f3xima semana pela diretora executiva da ag\u00eancia da ONU, Josette Sheeran. Ela faz de dois dias pelo Brasil para conferir o resultado dos programas sociais do governo. Sheeran participa de um congresso em Bras\u00edlia com pa\u00edses africanos sobre a quest\u00e3o alimentar. Na semana passada, Lula foi eleito pela revista &#8220;Time&#8221; um dos l\u00edderes mais influentes do mundo&#8230;<\/p>\n","protected":false},"author":2,"featured_media":0,"comment_status":"open","ping_status":"open","sticky":false,"template":"","format":"standard","meta":{"footnotes":"","_links_to":"","_links_to_target":""},"categories":[6],"tags":[44,56],"class_list":["post-9164","post","type-post","status-publish","format-standard","hentry","category-noticias","tag-lula","tag-onu"],"acf":[],"views":638,"_links":{"self":[{"href":"https:\/\/www.walcordeiro.com.br\/v1\/wp-json\/wp\/v2\/posts\/9164","targetHints":{"allow":["GET"]}}],"collection":[{"href":"https:\/\/www.walcordeiro.com.br\/v1\/wp-json\/wp\/v2\/posts"}],"about":[{"href":"https:\/\/www.walcordeiro.com.br\/v1\/wp-json\/wp\/v2\/types\/post"}],"author":[{"embeddable":true,"href":"https:\/\/www.walcordeiro.com.br\/v1\/wp-json\/wp\/v2\/users\/2"}],"replies":[{"embeddable":true,"href":"https:\/\/www.walcordeiro.com.br\/v1\/wp-json\/wp\/v2\/comments?post=9164"}],"version-history":[{"count":1,"href":"https:\/\/www.walcordeiro.com.br\/v1\/wp-json\/wp\/v2\/posts\/9164\/revisions"}],"predecessor-version":[{"id":9165,"href":"https:\/\/www.walcordeiro.com.br\/v1\/wp-json\/wp\/v2\/posts\/9164\/revisions\/9165"}],"wp:attachment":[{"href":"https:\/\/www.walcordeiro.com.br\/v1\/wp-json\/wp\/v2\/media?parent=9164"}],"wp:term":[{"taxonomy":"category","embeddable":true,"href":"https:\/\/www.walcordeiro.com.br\/v1\/wp-json\/wp\/v2\/categories?post=9164"},{"taxonomy":"post_tag","embeddable":true,"href":"https:\/\/www.walcordeiro.com.br\/v1\/wp-json\/wp\/v2\/tags?post=9164"}],"curies":[{"name":"wp","href":"https:\/\/api.w.org\/{rel}","templated":true}]}}