{"id":9129,"date":"2010-05-08T22:21:30","date_gmt":"2010-05-09T01:21:30","guid":{"rendered":"http:\/\/www.walcordeiro.com.br\/v1\/?p=9129"},"modified":"2010-05-08T22:21:30","modified_gmt":"2010-05-09T01:21:30","slug":"psdb-lanca-pre-candidatura-de-alckmin-ao-governo-de-sp","status":"publish","type":"post","link":"https:\/\/www.walcordeiro.com.br\/v1\/2010\/05\/08\/psdb-lanca-pre-candidatura-de-alckmin-ao-governo-de-sp\/","title":{"rendered":"PSDB lan\u00e7a pr\u00e9-candidatura de Alckmin ao governo de SP"},"content":{"rendered":"<div>\n<p><img loading=\"lazy\" decoding=\"async\" src=\"http:\/\/blogs.estadao.com.br\/radar-politico\/files\/2010\/05\/tucanos-evelson-de-freitas-320-ae.jpg\" alt=\"tucanos evelson de freitas 320 ae\" width=\"480\" height=\"320\" \/><em>\u00a0\u00a0\u00a0\u00a0\u00a0\u00a0\u00a0 <\/em><\/p>\n<p><em>O ex-presidente Fernando Henrique Cardoso \u00e9 ladeado por Alckmin e Serra. Evelson de Freitas\/AE<\/em><\/p>\n<p>O PSDB lan\u00e7ou neste s\u00e1bado, 8, a pr\u00e9-candidatura de Geraldo Alckmin ao governo de S\u00e3o Paulo. O encontro \u2018Unidos por S\u00e3o Paulo\u2019 aconteceu no Expo Center Norte, zona norte da capital, reunindo lideran\u00e7as do PSDB, do DEM, do PMDB e de outros partidos da coliga\u00e7\u00e3o que apoia Alckmin. As estrelas do evento, estiveram o pr\u00e9-candidato tucano \u00e0 Presid\u00eancia da Rep\u00fablica Jos\u00e9 Serra, o ex-presidente Fernando Henrique Cardoso,\u00a0os candidatos ao Senado Aloysio Nunes Ferreira (PSDB)\u00a0e Orestes Qu\u00e9rcia (PMDB)\u00a0e o presidente nacional do PSDB, S\u00e9rgio Guerra. Veja abaixo como foi a festa dos tucanos em S\u00e3o Paulo.<\/p>\n<p><!--more-->\u00a0<\/p>\n<ul>\n<li><a href=\"http:\/\/www.estadao.com.br\/interatividade\/Multimidia\/ShowAudios.action?destaque.idGuidSelect=7CD2820D1CF84E95831AC6283249DE69\" target=\"_self\"><strong>Ou\u00e7a o discurso de Alckmin<\/strong><\/a><\/li>\n<li><a href=\"http:\/\/www.estadao.com.br\/noticias\/nacional,leia-a-integra-do-discurso-de-alckmin-no-lancamento-de-sua-pre-candidatura,548953,0.htm\" target=\"_self\"><strong>Leia a\u00a0\u00edntegra do discurso de Alckmin<\/strong><\/a><\/li>\n<li><a href=\"http:\/\/www.estadao.com.br\/noticias\/nacional,lancamento-de-pre-candidatura-alckmin-reune-3-mil,548896,0.htm\" target=\"_self\"><strong>Lan\u00e7amento de pr\u00e9-candidatura Alckmin re\u00fane 3 mil<\/strong><\/a><\/li>\n<li><a href=\"http:\/\/www.estadao.com.br\/noticias\/nacional,fhc-diz-que-tucanos-querem-brasil-em-maos-limpas,548923,0.htm\" target=\"_self\"><strong>FHC diz que tucanos querem Brasil \u2018em m\u00e3os limpas\u2019<\/strong><\/a><\/li>\n<li><a title=\"Alckmin tenta manter hegemonia tucana em SP\" href=\"http:\/\/www.estadao.com.br\/noticias\/nacional,alckmin-tenta-manter-hegemonia-tucana-em-sp,548578,0.htm\"><strong>Leia entrevista com Geraldo Alckmin<\/strong><\/a><\/li>\n<li><a title=\"Veja imagens da vida e da carreira de Alckmin\" href=\"http:\/\/fotos.estadao.com.br\/geraldo-alckmin,galeria,2998,99782,,,0.htm\"><strong>Veja imagens da vida e da carreira de Alckmin<\/strong><\/a><\/li>\n<li><a title=\"Veja a inten\u00e7\u00e3o de voto dos eleitores em SP\" href=\"http:\/\/www.estadao.com.br\/noticias\/nacional,veja-a-situacao-dos-candidatos-na-disputa-pelo-governo-de-sp,548652,0.htm\"><strong>Veja a inten\u00e7\u00e3o de voto dos eleitores em SP<\/strong><\/a><\/li>\n<\/ul>\n<p>12h45 \u2013 Alckmin: \u201cN\u00f3s, homens e mulheres p\u00falicas, temos o dever de ser constantes na responsabilidade e invenc\u00edveis na esperan\u00e7a. Esperan\u00e7a: esta \u00e9 a palavra de ordem entre n\u00f3s\u201d. O evento termina.<\/p>\n<p>12h40 \u2013 Alckmin: \u201cCreio ser este o papel fundamental do Estado: permitir a todos a realiza\u00e7\u00e3o dos seus sonhos, garantindo a cada um a sua oportunidade\u201d<\/p>\n<p>12h35 -Alckmin: \u201cO outro tem todas as credenciais para presidi-lo. Tem autoridade e compet\u00eancia, testadas e aprovadas, para assegurar que o Brasil pode mais. Um acervo de realiza\u00e7\u00f5es que o credenciam a servir o nosso Pa\u00eds rumo ao futuro, com mais desenvolvimento e justi\u00e7a social. Futuro presidente Jos\u00e9 Serra, quero dizer, desde logo: conte comigo. Serei um soldado na sua frente de combate, na luta em dire\u00e7\u00e3o a Bras\u00edlia\u201d.<\/p>\n<p>12h33 \u2013 Alckmin: \u201cUm j\u00e1 presidiu o Brasil, estabilizou a moeda, derrotou a infloa\u00e7\u00e3o, universalizou a educa\u00e7\u00e3o, instaurou uma nova din\u00e2mica em nossa economia. Presidente Fernando Henrique, temos muito orgulho do seu trabalho e de sua lideran\u00e7a\u201d.<\/p>\n<p>12h31 \u2013 Alckmin: \u201c\u00c9 mais do que significativa, e sobretudo muito honrosa para mim, a presen\u00e7a aqui de dois valorosos companheiros, cujas hist\u00f3rias dignificam o nosso partido e os al\u00e7am \u00e0 condi\u00e7\u00e3o de verdadeiros estadistas\u201d<\/p>\n<p>12h24 \u2013 Alckmin: \u201cDessa trilha \u00e9tica, sinalizada por Mario Covas, n\u00f3s nunca nos distanciamos e nem nos distanciaremos!\u201d<\/p>\n<p>12h23 \u2013 Alckmin: \u201choje, nos dirigimos \u00e0 opini\u00e3o p\u00fablica sem qualquer constrangimento e com a certeza de que temos honrado a sua confian\u00e7a\u201d.<\/p>\n<p>12h19 \u2013 Alckmin: A hist\u00f3ria dos governos do PSDB \u00e9 uma corrida de revezamento em que cada um d\u00e1 o seu melhor, enfrenta seus obst\u00e1culos e passa o bast\u00e3o para o sucessor\u201d.<\/p>\n<p>12h16 \u2013 Alckmin fala agora: \u201cAqui em S\u00e3o Paulo temos um dever e um compromisso. O dever de prestar contas do que temos feito e o compromisso de fazermos muito mais\u201d.<\/p>\n<p>12h13 \u2013 Serra: \u201cO Alckmin perdeu tr\u00eas elei\u00e7\u00f5es, eu perdi tr\u00eas. Eu perdi duas pra prefeito e uma pra presidente, e ele tamb\u00e9m. Quando ele perdeu em 2008, eu liguei para ele e disse: estamos empatados, agora \u00e9 s\u00f3 ganhar\u201d<\/p>\n<p>12h09 \u2013 Serra: \u201cN\u00f3s n\u00e3o governamos para um ou outro partido, n\u00f3s governamos para\u00a0 todos, para o povo; n\u00e3o demonizamos a oposi\u00e7\u00e3o, n\u00f3s vemos a oposi\u00e7\u00e3o como for\u00e7a pol\u00edtica, como advers\u00e1rios. \u00c9 esse nosso estilo. \u00c9 esse estilo que o Alckmin vai aprofundar em S\u00e3o Paulo.\u201d<\/p>\n<p>12h08 \u2013 Serra cita a constru\u00e7\u00e3o do Rodoanel, que s\u00f3 foi poss\u00edvel porque come\u00e7ou tr\u00eas anos antes.<\/p>\n<p>12h06 \u2013 Agora vai. Serra: \u201cSe S\u00e3o Paulo vai bem, o Brasil tamb\u00e9m vai bem. Aqui em S\u00e3o Paulo, n\u00f3s desenvolvemos uma pr\u00e1tica de governo. Uma das caracter\u00edsticas nossas \u00e9 trabalhar desde o primeiro dia. Governo n\u00e3o \u00e9 curso de aprendizado, que voc\u00ea ganha e a\u00ed vai aprender. Tem que fazer as coisas importantes desde o primeiro dia, n\u00e3o deixar para o final.\u201d<\/p>\n<p>12h04 \u2013 Serra j\u00e1 est\u00e1\u00a0 h\u00e1 15 minutos cumprimentando as autoridades presentes\u2026<\/p>\n<p>12h01 \u2013 Serra: \u201cSabe uma pessoa pela qual voc\u00ea n\u00e3o dava nada? O Afif Domingos \u00e9 algu\u00e9m que mostrou muito trabalho, fez projetos importantes.\u201d<\/p>\n<p>12h00 \u2013 Serra: \u201cO Aloysio \u00e9 algu\u00e9m que eu n\u00e3o vou poder prescindir se eu chegar a Bras\u00edlia\u201d<\/p>\n<p>11h57 \u2013 Serra: \u201cO Covas colocou S\u00e3o Paulo de p\u00e9, e o Covas botou S\u00e3o Paulo pra diante\u201d.<\/p>\n<p>11h56 \u2013 Serra: O (apelido) \u2018Geraldinho\u2019 j\u00e1 saiu de moda, n\u00e9?<\/p>\n<p>11h51 \u2013 Serra: \u201cDepois que sa\u00ed do governo, eu fiquei totalmente ausente das quest\u00f5es de governo \u2013 nem o Goldman acreditava. Mas eu fiquei ausente porque eu fiquei tranquilo de que o governo estava em boas m\u00e3os\u201d.<\/p>\n<p>11h49 \u2013 Jos\u00e9 Serra fala agora: \u201cT\u00f4 bastante emocionado. Por v\u00e1rios motivos. Pelo clima de alegria e descontra\u00e7\u00e3o numa concentra\u00e7\u00e3o t\u00e3o grande de gente. Por tudo que foi dito aqui, pela disposi\u00e7\u00e3o para essa batalha pac\u00edfica que enfrentaremos nos pr\u00f3ximos meses\u201d<\/p>\n<p>11h46 \u2013 Alberto Goldman: \u201cMe sinto honrado por ter sucedido Serra no governo de SP. Estou tendo o imenso prazer de terminar esse mandato e vou poder passar a faixa para o governador Geraldo Alckmin!\u201d<\/p>\n<p>11h37 \u2013 FHC: Aqui em S\u00e3o Paulo, estamos fazendo um grande esfor\u00e7o em educa\u00e7\u00e3o. Na China, a crian\u00e7a entra na escola \u00e0s 8h da manh\u00e3 e volta \u00e0s 8h da noite, \u00e9 uma educa\u00e7\u00e3o completa. Aqui, as crian\u00e7as ficam s\u00f3 4 horas. Precisamos uma escola que ensine a viver, que ajude a mudar a cabe\u00e7a, mudar a cultura. Preparar um futuro de competi\u00e7\u00e3o. Esse futuro depende da elei\u00e7\u00e3o de Serra presidente do Brasil e de Alckmin em S\u00e3o Paulo.\u201d<\/p>\n<p>11h35 \u2013 FHC: \u201cQuando n\u00f3s fizemos o Plano Real, n\u00e3o foi pra salvar, inclusive os bancos faliram no meu tempo, n\u00f3s fizemos isso pra aumentar a massa salarial, pra diminuir a mis\u00e9ria de 38% para 28%\u201d<\/p>\n<p>11h32 \u2013 FHC: \u201cN\u00f3s n\u00e3o temos nada a esconder. Nossa hist\u00f3ria \u00e9 a hist\u00f3ria do Brasil. N\u00f3s damos passos firmes, para o futuro, e n\u00e3o um passo \u00e0 frente e um passo atr\u00e1s. O Brasil precisa mais. N\u00f3s fizemos em S\u00e3o Paulo, n\u00f3s fizemos no Brasil. A obra \u00e9 de muita gente, veio do Qu\u00e9rcia, veio do Covas, do Montoro. Os brasileiros de S\u00e3o Paulo sabem isso. O Brasil precisa mais, precisa fazer isso com lisura, n\u00e3o parecer .\u201d<\/p>\n<p>11h28 \u2013 Aloysio: Vamos ajudar o Geraldo Alckmin a voltar ao Pal\u00e1cio dos Bandeirantes!\u2019<\/p>\n<p>11h26 \u2013 Aloysio: \u2018Vamos eleger Serra, e acabar com o ciclo petista na Presid\u00eancia da Rep\u00fablica. Chega!\u2019<\/p>\n<p>11h24 \u2013 Aloysio Nunes Ferreira, pr\u00e9 candidato ao Senado pelo PSDB: \u201cEnquanto outros se esquivaram, n\u00f3s trabalhamos pela redemocratiza\u00e7\u00e3o, na frente que derrotou a ditadura, n\u00f3s trabalhamos para fazer o Plano Real\u201d<\/p>\n<p>11h19 \u2013 Qu\u00e9rcia: \u2018Eu e o Aloysio (Nunes Ferreira) precisamos da ajuda de voc\u00eas para chegar ao Senado. Eu quero ajudar o presidente Serra. Vamos eleger o Serra presidente, vamos eleger o Alckmin para o governo do Estado\u2019.<\/p>\n<p>11h17 \u2013 Qu\u00e9rcia: \u2018Para ser governador, \u00e9 preciso saber com quantos paus se faz uma canoa. \u00c9 preciso j\u00e1 ter sido testado. O Alckmin fez um bom governo, o Serra tamb\u00e9m, vai ser um grande presidente\u2019.<\/p>\n<p>11h16 \u2013 Qu\u00e9rcia: \u2018N\u00e3o se pode colocar na Presid\u00eancia da Rep\u00fablica uma pessoa que pode at\u00e9 ser boa, mas que n\u00e3o tem experi\u00eancia, n\u00e3o passou por nenhuma elei\u00e7\u00e3o\u2019.<\/p>\n<p>11h15 \u2013 Quercia lembrou o sentimento do \u2018velho MDB. MDB de Serra, MDB de Alckmin, MDB de FHC.\u2019<\/p>\n<p>11h13 \u2013 Orestes Qu\u00e9rcia, pr\u00e9-candidato ao Senado pelo PMDB, fala agora.<\/p>\n<p>11h12 \u2013 Fofoca de bastidor: Atrasado para o evento, sem conseguir chegar ao Expo Center Norte, Edson Aparecido duvidou quando outro tucano lhe disse que \u2018at\u00e9 Serra j\u00e1 chegou\u2019.<\/p>\n<p>11h08 \u2013 Kassab lembrou a carreira de Serra e em seguida elogiou a carreira de Alckmin \u2013 a quem derrotou na disputa eleitoral para a prefeitura de SP em 2008.<\/p>\n<p>11h07 \u2013 Gilberto Kassab fala agora. \u201cN\u00e3o temos ningu\u00e9m na vida p\u00fablica com a experi\u00eancia que o Serra tem\u201d.<\/p>\n<p>11h05 \u2013 Fala de Guerra foi r\u00e1pida. Na sequ\u00eancia falaram Lenita Rocha, presidente do PHC, e R\u00e9gis de Oliveira, do PSC.<\/p>\n<p>11h00 \u2013 S\u00e9rgio Guerra: \u201cAs pesquisas comprovam isso: governo foi, \u00e9 e ser\u00e1 governado por gente competente, por gente s\u00e9ria\u201d<\/p>\n<p>10h58 \u2013 S\u00e9rgio Guerra come\u00e7ou saudando Serra, \u201co futuro presidente do Brasil\u201d.<\/p>\n<p>10h55 \u2013 Senador S\u00e9rgio Guerra, presidente nacional do PSDB, \u00e9 o primeiro a falar.<\/p>\n<p>10h53 \u2013 Est\u00e3o presentes tamb\u00e9m o ex-presidente da Rep\u00fablica Fernando Henrique Cardoso, o pr\u00e9-candidato tucano \u00e0 Presid\u00eancia Jos\u00e9 Serra, o prefeito de SP Gilberto Kassab, o ex-secret\u00e1rio do Trabalho Afif Domingos, entre outros. Kassab \u00e9 um dos mais aplaudidos.<\/p>\n<p>10h50 \u2013 Come\u00e7a o evento. Alckmin chega e \u00e9 aclamado pelos militantes.<\/p>\n<p>10h42 \u2013 Evento deve come\u00e7ar em breve. Militantes pedem ao ritmo do \u2018N\u00e3o p\u00e1ra!\u2019 do Corinthians: \u2018Come\u00e7a! Come\u00e7a! Come\u00e7a!\u2019<\/p>\n<p>10h16 \u2013 Evento j\u00e1 est\u00e1 com mais de\u00a0 hora de atraso. Locutor vai comandando a festa da milit\u00e2ncia, que tem como trilha sonora muita m\u00fasica sertaneja.<\/p>\n<p>9h58 \u2013 Audit\u00f3rio do Expo Center Norte, com lugar para 2.500 pessoas, est\u00e1 praticamente lotado, e a milit\u00e2ncia faz a festa.<\/p>\n<p>9h53 \u2013 Locutor avisa: hoje n\u00e3o vamos falar de candidaturas, porque n\u00e3o \u00e9 conven\u00e7\u00e3o partid\u00e1ria, vamos falar de nossas cidades, de nossas regi\u00f5es.<\/p>\n<p>9h50 \u2013 Site do PSDB transmite evento em SP <a href=\"https:\/\/www2.psdb.org.br\/interna\/index.php?title=Ag\u00eancia+PSDB+-+Encontro+Estadual+Unidos+por+SP+ocorre+neste+s\u00e1bado&amp;pg=4&amp;id=42181#\" target=\"_blank\"><strong>ao vivo em v\u00eddeo<\/strong><\/a><strong>.<\/strong><\/p>\n<p>9h42 \u2013 Mas a milit\u00e2ncia de Cotia e de outras cidades do Estado tamb\u00e9m marca presen\u00e7a.<\/p>\n<p>9h36 \u2013 Militantes ainda chegam ao Expo Center Norte, onde acontece o evento, e h\u00e1 muitos lugares para serem preenchidos. Pessoal de Guarulhos \u00e9 o mais barulhento at\u00e9 o momento e faz festa por aqui: \u201cVai Guarulhos!\u201d, cantam.<\/p>\n<p>9h27 \u2013 O PSDB lan\u00e7a na manh\u00e3 deste s\u00e1bado, 8, a pr\u00e9-candidatura do ex-governador Geraldo Alckmin ao governo de S\u00e3o Paulo. O encontro \u2018Unidos por S\u00e3o Paulo\u2019 acontece na zona norte da capital e re\u00fane lideran\u00e7as do PSDB, do DEM, do PPS, do PMDB e do PSC. O pr\u00e9-candidato tucano \u00e0 Presid\u00eancia da Rep\u00fablica Jos\u00e9 Serra, o ex-presidente Fernando Henrique Cardoso e o presidente nacional do PSDB, S\u00e9rgio Guerra, al\u00e9m do pr\u00f3prio Alckmin, s\u00e3o algumas das estrelas do evento deste s\u00e1bado. <em>Estad\u00e3o<\/em><\/p>\n<\/div>\n","protected":false},"excerpt":{"rendered":"<p>\u00a0\u00a0\u00a0\u00a0\u00a0\u00a0\u00a0 O ex-presidente Fernando Henrique Cardoso \u00e9 ladeado por Alckmin e Serra. Evelson de Freitas\/AE O PSDB lan\u00e7ou neste s\u00e1bado, 8, a pr\u00e9-candidatura de Geraldo Alckmin ao governo de S\u00e3o Paulo. O encontro \u2018Unidos por S\u00e3o Paulo\u2019 aconteceu no Expo Center Norte, zona norte da capital, reunindo lideran\u00e7as do PSDB, do DEM, do PMDB e de outros partidos da coliga\u00e7\u00e3o que apoia Alckmin. As estrelas do evento, estiveram o pr\u00e9-candidato tucano \u00e0 Presid\u00eancia da Rep\u00fablica Jos\u00e9 Serra, o ex-presidente Fernando Henrique Cardoso,\u00a0os candidatos ao Senado Aloysio Nunes Ferreira (PSDB)\u00a0e Orestes Qu\u00e9rcia (PMDB)\u00a0e o presidente nacional do PSDB, S\u00e9rgio Guerra. Veja&#8230;<\/p>\n","protected":false},"author":2,"featured_media":0,"comment_status":"open","ping_status":"open","sticky":false,"template":"","format":"standard","meta":{"footnotes":"","_links_to":"","_links_to_target":""},"categories":[6],"tags":[544,3897,3898,284,172,98],"class_list":["post-9129","post","type-post","status-publish","format-standard","hentry","category-noticias","tag-fhc","tag-geraldo-alckmin","tag-governo-de-sao-paulo","tag-jose-serra","tag-psdb","tag-sao-paulo"],"acf":[],"views":843,"_links":{"self":[{"href":"https:\/\/www.walcordeiro.com.br\/v1\/wp-json\/wp\/v2\/posts\/9129","targetHints":{"allow":["GET"]}}],"collection":[{"href":"https:\/\/www.walcordeiro.com.br\/v1\/wp-json\/wp\/v2\/posts"}],"about":[{"href":"https:\/\/www.walcordeiro.com.br\/v1\/wp-json\/wp\/v2\/types\/post"}],"author":[{"embeddable":true,"href":"https:\/\/www.walcordeiro.com.br\/v1\/wp-json\/wp\/v2\/users\/2"}],"replies":[{"embeddable":true,"href":"https:\/\/www.walcordeiro.com.br\/v1\/wp-json\/wp\/v2\/comments?post=9129"}],"version-history":[{"count":2,"href":"https:\/\/www.walcordeiro.com.br\/v1\/wp-json\/wp\/v2\/posts\/9129\/revisions"}],"predecessor-version":[{"id":9131,"href":"https:\/\/www.walcordeiro.com.br\/v1\/wp-json\/wp\/v2\/posts\/9129\/revisions\/9131"}],"wp:attachment":[{"href":"https:\/\/www.walcordeiro.com.br\/v1\/wp-json\/wp\/v2\/media?parent=9129"}],"wp:term":[{"taxonomy":"category","embeddable":true,"href":"https:\/\/www.walcordeiro.com.br\/v1\/wp-json\/wp\/v2\/categories?post=9129"},{"taxonomy":"post_tag","embeddable":true,"href":"https:\/\/www.walcordeiro.com.br\/v1\/wp-json\/wp\/v2\/tags?post=9129"}],"curies":[{"name":"wp","href":"https:\/\/api.w.org\/{rel}","templated":true}]}}