{"id":88908,"date":"2026-04-26T15:23:03","date_gmt":"2026-04-26T18:23:03","guid":{"rendered":"https:\/\/www.walcordeiro.com.br\/v1\/?p=88908"},"modified":"2026-04-26T15:23:03","modified_gmt":"2026-04-26T18:23:03","slug":"projeto-do-ios-transforma-bairro-maracujina-em-planalto-e-mobiliza-voluntarios-de-todo-o-brasil","status":"publish","type":"post","link":"https:\/\/www.walcordeiro.com.br\/v1\/2026\/04\/26\/projeto-do-ios-transforma-bairro-maracujina-em-planalto-e-mobiliza-voluntarios-de-todo-o-brasil\/","title":{"rendered":"Projeto do IOS transforma bairro Maracujina, em Planalto, e mobiliza volunt\u00e1rios de todo o Brasil"},"content":{"rendered":"<p><img loading=\"lazy\" decoding=\"async\" class=\"alignnone size-medium wp-image-88909\" src=\"https:\/\/www.walcordeiro.com.br\/v1\/wp-content\/uploads\/2026\/04\/foto-pas-planalto-300x169.jpeg\" alt=\"\" width=\"300\" height=\"169\" srcset=\"https:\/\/www.walcordeiro.com.br\/v1\/wp-content\/uploads\/2026\/04\/foto-pas-planalto-300x169.jpeg 300w, https:\/\/www.walcordeiro.com.br\/v1\/wp-content\/uploads\/2026\/04\/foto-pas-planalto-1024x576.jpeg 1024w, https:\/\/www.walcordeiro.com.br\/v1\/wp-content\/uploads\/2026\/04\/foto-pas-planalto-768x432.jpeg 768w, https:\/\/www.walcordeiro.com.br\/v1\/wp-content\/uploads\/2026\/04\/foto-pas-planalto.jpeg 1280w\" sizes=\"auto, (max-width: 300px) 100vw, 300px\" \/><\/p>\n<p>O bairro Maracujina, no munic\u00edpio de Planalto (BA), foi palco de uma grande a\u00e7\u00e3o social no \u00faltimo s\u00e1bado, 25 de abril. O projeto Pintando a Alegria no Sert\u00e3o (PAS) realizou mais uma edi\u00e7\u00e3o marcante, reunindo volunt\u00e1rios crist\u00e3os de Vit\u00f3ria da Conquista e de v\u00e1rias partes do Brasil em um dia de intensa mobiliza\u00e7\u00e3o e impacto social.<br \/>\nA iniciativa contou com a participa\u00e7\u00e3o de 120 volunt\u00e1rios, que promoveram uma verdadeira transforma\u00e7\u00e3o na comunidade, levando dignidade, cuidado e esperan\u00e7a para dezenas de fam\u00edlias.<\/p>\n<div id=\"attachment_88911\" style=\"width: 283px\" class=\"wp-caption alignnone\"><img loading=\"lazy\" decoding=\"async\" aria-describedby=\"caption-attachment-88911\" class=\"size-medium wp-image-88911\" src=\"https:\/\/www.walcordeiro.com.br\/v1\/wp-content\/uploads\/2026\/04\/prefeito-de-planalto-273x300.jpg\" alt=\"\" width=\"273\" height=\"300\" srcset=\"https:\/\/www.walcordeiro.com.br\/v1\/wp-content\/uploads\/2026\/04\/prefeito-de-planalto-273x300.jpg 273w, https:\/\/www.walcordeiro.com.br\/v1\/wp-content\/uploads\/2026\/04\/prefeito-de-planalto.jpg 434w\" sizes=\"auto, (max-width: 273px) 100vw, 273px\" \/><p id=\"caption-attachment-88911\" class=\"wp-caption-text\">Prefeito de Planalto Cl\u00f3vis Andrade recebe B\u00edblia de presente<\/p><\/div>\n<p>De acordo com o relat\u00f3rio oficial da a\u00e7\u00e3o, os resultados foram:<\/p>\n<p>* 84 casas pintadas<br \/>\n* 15 reparos el\u00e9tricos realizados<br \/>\n* 118 decis\u00f5es ao lado de Cristo<br \/>\n* 200 B\u00edblias distribu\u00eddas<br \/>\n* 300 por\u00e7\u00f5es de sopa\/p\u00e3o distribu\u00eddas<br \/>\n* 150 brinquedos distribu\u00eddos<br \/>\n* 120 volunt\u00e1rios envolvidos<\/p>\n<p>A a\u00e7\u00e3o vai muito al\u00e9m da pintura de casas. Cada resid\u00eancia revitalizada representa um novo come\u00e7o, enquanto os reparos el\u00e9tricos garantem mais seguran\u00e7a para as fam\u00edlias. A distribui\u00e7\u00e3o de alimentos, brinquedos e B\u00edblias refor\u00e7a o compromisso social e espiritual do projeto.<br \/>\nOutro destaque foi o impacto na vida das pessoas, com 118 decis\u00f5es de f\u00e9 registradas, evidenciando a for\u00e7a do trabalho mission\u00e1rio desenvolvido durante o evento.<br \/>\nO projeto contou com importantes parcerias que fortaleceram a realiza\u00e7\u00e3o da a\u00e7\u00e3o, entre elas a Sociedade B\u00edblica do Brasil, a Prefeitura Municipal de Planalto e o Conselho de Igrejas e Ministros de Planalto, demonstrando a uni\u00e3o entre institui\u00e7\u00f5es p\u00fablicas e religiosas em prol do bem comum.<br \/>\nO Pintando a Alegria no Sert\u00e3o, realizado pelo Instituto Oxente Social, segue se consolidando como uma das mais relevantes iniciativas de transforma\u00e7\u00e3o social no sert\u00e3o baiano, unindo voluntariado, f\u00e9 e a\u00e7\u00e3o pr\u00e1tica.<br \/>\nA organiza\u00e7\u00e3o j\u00e1 anunciou a pr\u00f3xima edi\u00e7\u00e3o do projeto, que acontecer\u00e1 no dia 30 de maio, no munic\u00edpio de Belo Campo (BA), com a expectativa de ampliar ainda mais o alcance da iniciativa e continuar impactando vidas por meio do amor, da solidariedade e do servi\u00e7o ao pr\u00f3ximo.<br \/>\nA popula\u00e7\u00e3o \u00e9 convidada a acompanhar, participar e compartilhar essa corrente do bem que segue transformando o sert\u00e3o.<\/p>\n","protected":false},"excerpt":{"rendered":"<p>O bairro Maracujina, no munic\u00edpio de Planalto (BA), foi palco de uma grande a\u00e7\u00e3o social no \u00faltimo s\u00e1bado, 25 de abril. O projeto Pintando a Alegria no Sert\u00e3o (PAS) realizou mais uma edi\u00e7\u00e3o marcante, reunindo volunt\u00e1rios crist\u00e3os de Vit\u00f3ria da Conquista e de v\u00e1rias partes do Brasil em um dia de intensa mobiliza\u00e7\u00e3o e impacto social. A iniciativa contou com a participa\u00e7\u00e3o de 120 volunt\u00e1rios, que promoveram uma verdadeira transforma\u00e7\u00e3o na comunidade, levando dignidade, cuidado e esperan\u00e7a para dezenas de fam\u00edlias. De acordo com o relat\u00f3rio oficial da a\u00e7\u00e3o, os resultados foram: * 84 casas pintadas * 15 reparos el\u00e9tricos&#8230;<\/p>\n","protected":false},"author":2,"featured_media":88909,"comment_status":"closed","ping_status":"closed","sticky":false,"template":"","format":"standard","meta":{"footnotes":"","_links_to":"","_links_to_target":""},"categories":[18],"tags":[],"class_list":["post-88908","post","type-post","status-publish","format-standard","has-post-thumbnail","hentry","category-missoes"],"acf":[],"views":17,"_links":{"self":[{"href":"https:\/\/www.walcordeiro.com.br\/v1\/wp-json\/wp\/v2\/posts\/88908","targetHints":{"allow":["GET"]}}],"collection":[{"href":"https:\/\/www.walcordeiro.com.br\/v1\/wp-json\/wp\/v2\/posts"}],"about":[{"href":"https:\/\/www.walcordeiro.com.br\/v1\/wp-json\/wp\/v2\/types\/post"}],"author":[{"embeddable":true,"href":"https:\/\/www.walcordeiro.com.br\/v1\/wp-json\/wp\/v2\/users\/2"}],"replies":[{"embeddable":true,"href":"https:\/\/www.walcordeiro.com.br\/v1\/wp-json\/wp\/v2\/comments?post=88908"}],"version-history":[{"count":1,"href":"https:\/\/www.walcordeiro.com.br\/v1\/wp-json\/wp\/v2\/posts\/88908\/revisions"}],"predecessor-version":[{"id":88912,"href":"https:\/\/www.walcordeiro.com.br\/v1\/wp-json\/wp\/v2\/posts\/88908\/revisions\/88912"}],"wp:featuredmedia":[{"embeddable":true,"href":"https:\/\/www.walcordeiro.com.br\/v1\/wp-json\/wp\/v2\/media\/88909"}],"wp:attachment":[{"href":"https:\/\/www.walcordeiro.com.br\/v1\/wp-json\/wp\/v2\/media?parent=88908"}],"wp:term":[{"taxonomy":"category","embeddable":true,"href":"https:\/\/www.walcordeiro.com.br\/v1\/wp-json\/wp\/v2\/categories?post=88908"},{"taxonomy":"post_tag","embeddable":true,"href":"https:\/\/www.walcordeiro.com.br\/v1\/wp-json\/wp\/v2\/tags?post=88908"}],"curies":[{"name":"wp","href":"https:\/\/api.w.org\/{rel}","templated":true}]}}