{"id":88898,"date":"2026-03-13T16:48:53","date_gmt":"2026-03-13T19:48:53","guid":{"rendered":"https:\/\/www.walcordeiro.com.br\/v1\/?p=88898"},"modified":"2026-03-13T16:48:53","modified_gmt":"2026-03-13T19:48:53","slug":"familias-relatam-sinais-de-possivel-tortura-de-cristaos-presos-no-iemen","status":"publish","type":"post","link":"https:\/\/www.walcordeiro.com.br\/v1\/2026\/03\/13\/familias-relatam-sinais-de-possivel-tortura-de-cristaos-presos-no-iemen\/","title":{"rendered":"Fam\u00edlias relatam sinais de poss\u00edvel tortura de crist\u00e3os presos no I\u00eamen"},"content":{"rendered":"<div id=\"brxe-zdnafh\" class=\"brxe-div\">\n<div id=\"brxe-gkpkhi\" class=\"brxe-jet-engine-listing-dynamic-image\" data-script-id=\"gkpkhi\" data-is-block=\"jet-engine\/dynamic-image\">\n<div class=\"jet-listing jet-listing-dynamic-image\"><img loading=\"lazy\" decoding=\"async\" class=\"jet-listing-dynamic-image__img entered litespeed-loaded\" src=\"https:\/\/sitepa.s3.amazonaws.com\/wp-content\/uploads\/br\/2026\/03\/09162727\/Homem-no-Oriente-Medio.avif\" alt=\"\" width=\"385\" height=\"182\" data-lazyloaded=\"1\" data-src=\"https:\/\/sitepa.s3.amazonaws.com\/wp-content\/uploads\/br\/2026\/03\/09162727\/Homem-no-Oriente-Medio.avif\" data-ll-status=\"loaded\" \/><\/div>\n<\/div>\n<div id=\"brxe-jywkjz\" class=\"brxe-text-basic\">Ao visitar familiares na pris\u00e3o, crist\u00e3os relatam sinais de poss\u00edvel tortura e interrogat\u00f3rios severos (foto representativa)<\/div>\n<\/div>\n<div id=\"brxe-tefhco\" class=\"brxe-text global__text-large\">\n<p>*<em>Os nomes e alguns detalhes da hist\u00f3ria foram alterados por seguran\u00e7a, mas o relato \u00e9 verdadeiro<\/em>.<\/p>\n<p>Desde janeiro de 2026, mais de 50 crist\u00e3os foram detidos em \u00e1reas controladas pelos houthis no\u00a0<a href=\"https:\/\/portasabertas.org.br\/lista-mundial-da-perseguicao\/iemen\/\" target=\"_blank\" rel=\"noreferrer noopener\">I\u00eamen,\u00a0em uma onda crescente de repress\u00e3o religiosa<\/a>. O I\u00eamen \u00e9\u00a0<a href=\"https:\/\/portasabertas.org.br\/lista-mundial-da-perseguicao\/iemen\/\" target=\"_blank\" rel=\"noreferrer noopener\">o 3\u00ba pa\u00eds mais perigoso para crist\u00e3os segundo a Lista Mundial da Persegui\u00e7\u00e3o 2026<\/a>.<\/p>\n<p>Entre os crist\u00e3os presos est\u00e1 o pai de\u00a0Sanad*, que recentemente recebeu uma rara autoriza\u00e7\u00e3o para uma visita r\u00e1pida.\u00a0Veja a seguir o relato compartilhado por parceiros locais da Portas Abertas no I\u00eamen.<\/p>\n<p class=\"wp-block-heading\"><strong>O reencontro de pai e filha ap\u00f3s meses separados<\/strong><\/p>\n<p>\u00c9 uma manh\u00e3 ensolarada, e\u00a0Sanad* finalmente vai ver seu pai, que foi levado \u00e0 for\u00e7a de sua casa no in\u00edcio de janeiro.\u00a0Na\u00a0entrada da pris\u00e3o, ela\u00a0espera por v\u00e1rios minutos, aguardando o guarda confirmar que\u00a0pode entrar. Ao pisar na ala, seu cora\u00e7\u00e3o come\u00e7a a disparar. Ela aperta nas m\u00e3os a pilha de pap\u00e9is j\u00e1 preparados para assinatura, para finalmente poder v\u00ea-lo. Mas n\u00e3o \u00e9 t\u00e3o simples assim.<\/p>\n<p>Dentro da pris\u00e3o,\u00a0Sanad\u00a0precisa esperar de novo. Ela precisa de assinaturas de oficiais superiores e sua aprova\u00e7\u00e3o formal. Mas ela n\u00e3o se importa. A crist\u00e3\u00a0\u00e9 conduzida a uma sala com v\u00e1rias cabines com janelas. Cada uma tem algo parecido com um telefone no lado direito. Um guarda permanece ao seu lado, e ent\u00e3o seu pai entra acompanhado de outro guarda.<\/p>\n<blockquote class=\"wp-block-quote is-layout-flow wp-block-quote-is-layout-flow\"><p>\u201cEle parece doente, cansado, sem entender o que est\u00e1 acontecendo\u201d, Sanad relata.<\/p><\/blockquote>\n<div class=\"wp-block-image\">\n<figure class=\"aligncenter size-full\"><img loading=\"lazy\" decoding=\"async\" class=\"wp-image-38041 entered litespeed-loaded\" src=\"https:\/\/sitepa.s3.amazonaws.com\/wp-content\/uploads\/br\/2026\/03\/09163458\/Foto-representativa-de-homem-no-iemen.avif\" alt=\"Foto com sombras mostra um homem sentado com cabe\u00e7a baixa iluminado suavemente pela luz da janela ao fundo\" width=\"402\" height=\"190\" data-lazyloaded=\"1\" data-src=\"https:\/\/sitepa.s3.amazonaws.com\/wp-content\/uploads\/br\/2026\/03\/09163458\/Foto-representativa-de-homem-no-iemen.avif\" data-ll-status=\"loaded\" \/><figcaption class=\"wp-element-caption\"><em>Ao visitar o pai, um crist\u00e3o preso no I\u00eamen em janeiro de 2026,\u00a0Sanad\u00a0ficou preocupada com sinais de tortura\u00a0(foto representativa)\u00a0<\/em><\/figcaption><\/figure>\n<\/div>\n<p>Seu pai se senta do outro lado do vidro. Ela rapidamente pega o telefone e chama seu nome. Ele responde, e eles conversam calmamente. Guardas est\u00e3o presentes e ouvem tudo. A conversa inteira dura sete minutos e, quando o tempo acaba, ele \u00e9 escoltado para tr\u00e1s da parede cinzenta, e\u00a0Sanad\u00a0se levanta e deixa a sala.<\/p>\n<p class=\"wp-block-heading\"><strong>Fam\u00edlias descrevem sinais de poss\u00edvel tortura<\/strong><\/p>\n<p>Parceiros locais da Portas Abertas ouviram v\u00e1rios familiares que visitaram seus entes queridos, crist\u00e3os\u00a0presos\u00a0no I\u00eamen,\u00a0e os descreverem com\u00a0<strong>apar\u00eancia cansada e abatida<\/strong>. Alguns estavam agindo de maneira estranha e outros\u00a0<strong>n\u00e3o conseguiam se concentrar<\/strong>. Todos esses s\u00e3o\u00a0<strong>sinais prov\u00e1veis de tortura e interrogat\u00f3rios severos<\/strong>.<\/p>\n<p>Hoje, muitas esposas, filhas, irm\u00e3os e crian\u00e7as est\u00e3o ansiosos e com medo. Est\u00e3o atormentados por pensamentos sombrios sobre o futuro incerto e o destino daqueles que amam.<\/p>\n<div class=\"wp-block-image\">\n<figure class=\"aligncenter size-full\"><img loading=\"lazy\" decoding=\"async\" class=\"wp-image-38042 entered litespeed-loaded alignleft\" src=\"https:\/\/sitepa.s3.amazonaws.com\/wp-content\/uploads\/br\/2026\/03\/09163953\/Mulher-e-filha-no-oriente-medio.avif\" alt=\"Mulher com v\u00e9u e menina pequena no colo no Oriente M\u00e9dio\" width=\"459\" height=\"217\" data-lazyloaded=\"1\" data-src=\"https:\/\/sitepa.s3.amazonaws.com\/wp-content\/uploads\/br\/2026\/03\/09163953\/Mulher-e-filha-no-oriente-medio.avif\" data-ll-status=\"loaded\" \/><\/figure>\n<\/div>\n<p class=\"has-text-align-center\"><em>Mulher e crian\u00e7a no Oriente M\u00e9dio<\/em><\/p>\n<blockquote class=\"wp-block-quote is-layout-flow wp-block-quote-is-layout-flow\"><p>\u201cComo vou seguir em frente sem meu marido?\u00a0Como vou cuidar dos meus filhos pequenos quando tenho que trabalhar para conseguir dinheiro para nossa pr\u00f3xima refei\u00e7\u00e3o?\u201d, compartilha a esposa de um crist\u00e3o\u00a0preso.<\/p><\/blockquote>\n<p class=\"wp-block-heading\"><strong>Mais tr\u00eas crist\u00e3os presos no I\u00eamen em fevereiro<\/strong><\/p>\n<p>Outros tr\u00eas crist\u00e3os foram presos no in\u00edcio de fevereiro em uma \u00e1rea n\u00e3o houthi no I\u00eamen. A not\u00edcia abalou crist\u00e3os locais que oram para que as ondas de pris\u00f5es cessem em breve e que os crist\u00e3os presos sejam libertos.<\/p>\n<p>Por causa da guerra na regi\u00e3o, algumas visitas \u00e0s pris\u00f5es foram canceladas, como medidas de seguran\u00e7a. Essa not\u00edcia abateu ainda mais familiares de crist\u00e3os presos.<\/p>\n<p class=\"wp-block-heading\"><strong>Unidade da igreja iemenita em meio \u00e0 crise<\/strong><\/p>\n<p>Um motivo de gratid\u00e3o \u00e9 que l\u00edderes da igreja em todo o pa\u00eds, assim como os que foram for\u00e7ados a fugir por causa da persegui\u00e7\u00e3o, est\u00e3o se conectando e colaborando, ajudando uns aos outros a apoiar a igreja e encontrado novas formas de continuar o minist\u00e9rio no I\u00eamen.<\/p>\n<p>Isso demonstra unidade entre os l\u00edderes iemenitas,\u00a0<strong>uma resposta \u00e0 ora\u00e7\u00e3o da igreja global que clama pelos crist\u00e3os iemenitas<\/strong>.<\/p>\n<p>Parceiros locais est\u00e3o em contato constante com familiares e amigos dos\u00a0crist\u00e3os presos no\u00a0I\u00eamen. Eles recebem liga\u00e7\u00f5es acompanhadas de l\u00e1grimas.\u00a0<strong>Alguns crist\u00e3os presos est\u00e3o sozinhos, pois suas fam\u00edlias n\u00e3o sabem da convers\u00e3o ao cristianismo.<\/strong><\/p>\n<p>O\u00a0futuro \u00e9 incerto\u00a0com muitas\u00a0perguntas sem respostas.\u00a0No entanto, h\u00e1 uma coisa que sabemos com certeza: Deus\u00a0sustentar\u00e1 as fam\u00edlias e prover\u00e1 um caminho de sa\u00edda, em seu tempo perfeito.<\/p>\n<p class=\"wp-block-heading\"><strong>Um chamado \u00e0 igreja brasileira<\/strong><\/p>\n<p>A hist\u00f3ria de\u00a0Sanad\u00a0\u00e9 apenas uma entre dezenas que os parceiros locais da\u00a0<a href=\"https:\/\/portasabertas.org.br\/sobre-nos\/quem-somos\/\" target=\"_blank\" rel=\"noreferrer noopener\">Portas Abertas<\/a>\u00a0relatam. \u00c9 por causa de realidades como essa que o\u00a0<strong>Domingo da Igreja Perseguida 2026\u00a0<\/strong>vai mobilizar mais de 17 mil igrejas no Brasil a interceder pelo I\u00eamen e por toda a regi\u00e3o do Oriente M\u00e9dio e Norte da \u00c1frica.<\/p>\n<p>Fonte: Portas Abertas<\/p>\n<\/div>\n","protected":false},"excerpt":{"rendered":"<p>Ao visitar familiares na pris\u00e3o, crist\u00e3os relatam sinais de poss\u00edvel tortura e interrogat\u00f3rios severos (foto representativa) *Os nomes e alguns detalhes da hist\u00f3ria foram alterados por seguran\u00e7a, mas o relato \u00e9 verdadeiro. Desde janeiro de 2026, mais de 50 crist\u00e3os foram detidos em \u00e1reas controladas pelos houthis no\u00a0I\u00eamen,\u00a0em uma onda crescente de repress\u00e3o religiosa. O I\u00eamen \u00e9\u00a0o 3\u00ba pa\u00eds mais perigoso para crist\u00e3os segundo a Lista Mundial da Persegui\u00e7\u00e3o 2026. Entre os crist\u00e3os presos est\u00e1 o pai de\u00a0Sanad*, que recentemente recebeu uma rara autoriza\u00e7\u00e3o para uma visita r\u00e1pida.\u00a0Veja a seguir o relato compartilhado por parceiros locais da Portas Abertas no&#8230;<\/p>\n","protected":false},"author":2,"featured_media":88642,"comment_status":"closed","ping_status":"closed","sticky":false,"template":"","format":"standard","meta":{"footnotes":"","_links_to":"","_links_to_target":""},"categories":[18],"tags":[],"class_list":["post-88898","post","type-post","status-publish","format-standard","has-post-thumbnail","hentry","category-missoes"],"acf":[],"views":156,"_links":{"self":[{"href":"https:\/\/www.walcordeiro.com.br\/v1\/wp-json\/wp\/v2\/posts\/88898","targetHints":{"allow":["GET"]}}],"collection":[{"href":"https:\/\/www.walcordeiro.com.br\/v1\/wp-json\/wp\/v2\/posts"}],"about":[{"href":"https:\/\/www.walcordeiro.com.br\/v1\/wp-json\/wp\/v2\/types\/post"}],"author":[{"embeddable":true,"href":"https:\/\/www.walcordeiro.com.br\/v1\/wp-json\/wp\/v2\/users\/2"}],"replies":[{"embeddable":true,"href":"https:\/\/www.walcordeiro.com.br\/v1\/wp-json\/wp\/v2\/comments?post=88898"}],"version-history":[{"count":1,"href":"https:\/\/www.walcordeiro.com.br\/v1\/wp-json\/wp\/v2\/posts\/88898\/revisions"}],"predecessor-version":[{"id":88899,"href":"https:\/\/www.walcordeiro.com.br\/v1\/wp-json\/wp\/v2\/posts\/88898\/revisions\/88899"}],"wp:featuredmedia":[{"embeddable":true,"href":"https:\/\/www.walcordeiro.com.br\/v1\/wp-json\/wp\/v2\/media\/88642"}],"wp:attachment":[{"href":"https:\/\/www.walcordeiro.com.br\/v1\/wp-json\/wp\/v2\/media?parent=88898"}],"wp:term":[{"taxonomy":"category","embeddable":true,"href":"https:\/\/www.walcordeiro.com.br\/v1\/wp-json\/wp\/v2\/categories?post=88898"},{"taxonomy":"post_tag","embeddable":true,"href":"https:\/\/www.walcordeiro.com.br\/v1\/wp-json\/wp\/v2\/tags?post=88898"}],"curies":[{"name":"wp","href":"https:\/\/api.w.org\/{rel}","templated":true}]}}