{"id":86306,"date":"2020-04-02T09:06:24","date_gmt":"2020-04-02T12:06:24","guid":{"rendered":"http:\/\/www.walcordeiro.com.br\/v1\/?p=86306"},"modified":"2020-04-02T09:06:24","modified_gmt":"2020-04-02T12:06:24","slug":"republica-do-ira-completa-41-anos","status":"publish","type":"post","link":"https:\/\/www.walcordeiro.com.br\/v1\/2020\/04\/02\/republica-do-ira-completa-41-anos\/","title":{"rendered":"Rep\u00fablica do Ir\u00e3 completa 41 anos"},"content":{"rendered":"<div class=\"post-img\" data-v-bd8f33a2=\"\"><img loading=\"lazy\" decoding=\"async\" class=\"\" src=\"https:\/\/fastcms.s3.amazonaws.com\/fotos\/MDEyUmtGVFZFTk5Vdz09TWpBME9BPT0%3D\/1585765817_1585765814-Popula%C3%A7%C3%A3o%20no%20Ir%C3%A3%20%282%29.jpg\" alt=\"Com a mudan\u00e7a para a rep\u00fablica, as leis isl\u00e2micas come\u00e7aram a servir como base para toda a legisla\u00e7\u00e3o do pa\u00eds\" width=\"423\" height=\"254\" data-v-bd8f33a2=\"\" \/><\/p>\n<p class=\"sub-title-imgs\" data-v-bd8f33a2=\"\">Com a mudan\u00e7a para a rep\u00fablica, as leis isl\u00e2micas come\u00e7aram a servir como base para toda a legisla\u00e7\u00e3o do pa\u00eds<\/p>\n<\/div>\n<p>H\u00e1 41 anos, a\u00a0<a href=\"https:\/\/www.portasabertas.org.br\/lista-mundial-da-perseguicao\/ira\">Rep\u00fablica Isl\u00e2mica do Ir\u00e3<\/a>\u00a0foi proclamada. Acabava o reinado do x\u00e1 Reza Pahlevi e come\u00e7ava o governo do aiatol\u00e1 Ruhollah Khomeini. As mudan\u00e7as no territ\u00f3rio foram profundas, j\u00e1 que tudo no pa\u00eds deveria ser de acordo com os padr\u00f5es religiosos do islamismo. Era tempo de aumentar a persegui\u00e7\u00e3o \u00e0queles que n\u00e3o professavam a f\u00e9 em Al\u00e1 e no profeta Maom\u00e9. Os crist\u00e3os passaram a ser vistos como traidores por terem a mesma f\u00e9 dos norte-americanos.<\/p>\n<p>Hoje, o pa\u00eds est\u00e1 em 9\u00ba lugar na\u00a0<a href=\"https:\/\/www.portasabertas.org.br\/lista-mundial\/paises-da-lista\">Lista Mundial da Persegui\u00e7\u00e3o 2020<\/a>, com 85 pontos, resultantes da paranoia ditatorial, opress\u00e3o isl\u00e2mica, corrup\u00e7\u00e3o e crime organizado. A pris\u00e3o \u00e9 um dos locais reservados para os seguidores de Jesus pois s\u00e3o considerados uma amea\u00e7a \u00e0 seguran\u00e7a nacional. Por\u00e9m, em mar\u00e7o de 2020, muitos foram libertados gra\u00e7as \u00e0 decis\u00e3o do governo com medo das consequ\u00eancias do cont\u00e1gio da COVID-19 nas penitenci\u00e1rias insalubres do pa\u00eds. Muitos dos que tinham penas mais curtas puderam abra\u00e7ar as fam\u00edlias antes do esperado, outros continuaram presos com um alto risco de cont\u00e1gio, j\u00e1 que ficaram doentes por causa dos maus-tratos nas pris\u00f5es.<\/p>\n<p>No dia 20 de mar\u00e7o, o governo do Ir\u00e3 confirmou que quase 20 mil pessoas estavam infectadas pelo coronav\u00edrus, com mais de 1.400 mortes. Por\u00e9m, o vice-ministro da Sa\u00fade, Alireza Raisi, confirmou a recupera\u00e7\u00e3o de 6.745 pacientes, distribu\u00eddos em 13 prov\u00edncias. O l\u00edder reconheceu que a COVID-19 exigia a uni\u00e3o de todos para resguardar a sa\u00fade das pessoas e at\u00e9 das empresas no pa\u00eds. Agradeceu aos profissionais de sa\u00fade e comparou a press\u00e3o atual com as san\u00e7\u00f5es impostas pelos Estados Unidos, desde 2018.<!--more--><\/p>\n<p><a href=\"https:\/\/www.portasabertas.org.br\/noticias\/cristaos-perseguidos\/5-motivos-para-orar-pelo-ira-na-crise-do-covid-19\">A Portas Abertas convida os crist\u00e3os brasileiros a interceder<\/a>\u00a0pelo Ir\u00e3 nesta data especial. Principalmente pela Igreja Perseguida no pa\u00eds, que mesmo enfrentando persegui\u00e7\u00e3o social e governamental, ainda cumpre o chamado de ser luz em meio \u00e0s trevas. Uma das maneiras encontradas \u00e9 ajudando os mais necessitados nos tempos do coronav\u00edrus. Uns passaram a distribuir alimentos para idosos e demais pessoas vulner\u00e1veis; dessa forma fazem mais do que pregar o cuidado de Jesus, s\u00e3o canal da gra\u00e7a divina.<\/p>\n<p>Outros assistem crian\u00e7as pobres com produtos de higiene. &#8220;Costum\u00e1vamos mobilizar volunt\u00e1rios para fazer sandu\u00edches e alimentar as crian\u00e7as de rua que tentam ganhar o sustento para as fam\u00edlias. Mas, ap\u00f3s o surto, tivemos que priorizar o fornecimento de m\u00e1scaras e desinfetantes em gel para ajud\u00e1-las a ficarem seguras&#8221;, finalizou um l\u00edder crist\u00e3o.<\/p>\n<p>Fonte: Portas Abertas<\/p>\n","protected":false},"excerpt":{"rendered":"<p>Com a mudan\u00e7a para a rep\u00fablica, as leis isl\u00e2micas come\u00e7aram a servir como base para toda a legisla\u00e7\u00e3o do pa\u00eds H\u00e1 41 anos, a\u00a0Rep\u00fablica Isl\u00e2mica do Ir\u00e3\u00a0foi proclamada. Acabava o reinado do x\u00e1 Reza Pahlevi e come\u00e7ava o governo do aiatol\u00e1 Ruhollah Khomeini. As mudan\u00e7as no territ\u00f3rio foram profundas, j\u00e1 que tudo no pa\u00eds deveria ser de acordo com os padr\u00f5es religiosos do islamismo. Era tempo de aumentar a persegui\u00e7\u00e3o \u00e0queles que n\u00e3o professavam a f\u00e9 em Al\u00e1 e no profeta Maom\u00e9. Os crist\u00e3os passaram a ser vistos como traidores por terem a mesma f\u00e9 dos norte-americanos. Hoje, o pa\u00eds&#8230;<\/p>\n","protected":false},"author":2,"featured_media":0,"comment_status":"open","ping_status":"open","sticky":false,"template":"","format":"standard","meta":{"footnotes":"","_links_to":"","_links_to_target":""},"categories":[18],"tags":[],"class_list":["post-86306","post","type-post","status-publish","format-standard","hentry","category-missoes"],"acf":[],"views":304,"_links":{"self":[{"href":"https:\/\/www.walcordeiro.com.br\/v1\/wp-json\/wp\/v2\/posts\/86306","targetHints":{"allow":["GET"]}}],"collection":[{"href":"https:\/\/www.walcordeiro.com.br\/v1\/wp-json\/wp\/v2\/posts"}],"about":[{"href":"https:\/\/www.walcordeiro.com.br\/v1\/wp-json\/wp\/v2\/types\/post"}],"author":[{"embeddable":true,"href":"https:\/\/www.walcordeiro.com.br\/v1\/wp-json\/wp\/v2\/users\/2"}],"replies":[{"embeddable":true,"href":"https:\/\/www.walcordeiro.com.br\/v1\/wp-json\/wp\/v2\/comments?post=86306"}],"version-history":[{"count":1,"href":"https:\/\/www.walcordeiro.com.br\/v1\/wp-json\/wp\/v2\/posts\/86306\/revisions"}],"predecessor-version":[{"id":86307,"href":"https:\/\/www.walcordeiro.com.br\/v1\/wp-json\/wp\/v2\/posts\/86306\/revisions\/86307"}],"wp:attachment":[{"href":"https:\/\/www.walcordeiro.com.br\/v1\/wp-json\/wp\/v2\/media?parent=86306"}],"wp:term":[{"taxonomy":"category","embeddable":true,"href":"https:\/\/www.walcordeiro.com.br\/v1\/wp-json\/wp\/v2\/categories?post=86306"},{"taxonomy":"post_tag","embeddable":true,"href":"https:\/\/www.walcordeiro.com.br\/v1\/wp-json\/wp\/v2\/tags?post=86306"}],"curies":[{"name":"wp","href":"https:\/\/api.w.org\/{rel}","templated":true}]}}