{"id":8605,"date":"2010-05-05T06:45:18","date_gmt":"2010-05-05T09:45:18","guid":{"rendered":"http:\/\/www.walcordeiro.com.br\/v1\/?p=8605"},"modified":"2010-05-05T06:45:18","modified_gmt":"2010-05-05T09:45:18","slug":"preco-do-feijao-dispara-e-assusta-os-consumidores","status":"publish","type":"post","link":"https:\/\/www.walcordeiro.com.br\/v1\/2010\/05\/05\/preco-do-feijao-dispara-e-assusta-os-consumidores\/","title":{"rendered":"Pre\u00e7o do feij\u00e3o dispara e assusta os consumidores"},"content":{"rendered":"<p><em><strong>Rocha l A TARDE <\/strong><\/em><\/p>\n<div id=\"fotos\">\n<div id=\"mygallery\">\n<div>\n<div>\n<div>Foto: Fernando Vivas\/Ag\u00eancia A TARDE<\/div>\n<p><img decoding=\"async\" title=\"Por causa da alta de pre\u00e7os, a diarista Gilda Ferreira reduziu o consumo de feij\u00e3o\" src=\"http:\/\/www.atarde.com.br\/arquivos\/2010\/05\/167982.jpg\" border=\"0\" alt=\"Por causa da alta de pre\u00e7os, a diarista Gilda Ferreira reduziu o consumo de feij\u00e3o\" \/><\/p>\n<div>Por causa da alta de pre\u00e7os, a diarista Gilda Ferreira reduziu o consumo de feij\u00e3o<\/div>\n<\/div>\n<\/div>\n<\/div>\n<\/div>\n<div id=\"HOTWordsTxt\">\n<p>O feij\u00e3o-carioquinha est\u00e1 pesando cada vez mais no bolso do <a onclick=\"hwClick1645669(undefined);return false;\" onmouseover=\"hw1645669(event, this, 'undefined'); this.style.cursor='hand'; this.style.textDecoration='underline'; this.style.borderBottom='solid';\" onmouseout=\"hideMaybe('HOTWordsTitle'); this.style.cursor='hand'; this.style.textDecoration='underline'; this.style.borderBottom='dotted 1px'; \" href=\"#\">consumidor<\/a> soteropolitano. Para se ter uma ideia,\u00a0 em abril, o produto ficou 20,79% mais caro nos supermercados baianos. J\u00e1 a infla\u00e7\u00e3o do per\u00edodo ficou em 0,92%, de acordo com o \u00cdndice de Pre\u00e7os ao Consumidor Semanal (IPC-S), divulgado na ter\u00e7a-feira, 4, pela Funda\u00e7\u00e3o Get\u00falio Vargas. O produto foi o que registrou maior influ\u00eancia sobre a composi\u00e7\u00e3o da infla\u00e7\u00e3o do\u00a0 setor aliment\u00edcio.<\/p>\n<p>O pre\u00e7o do produto varia de R$ 2,44 a R$ 4,97 nos supermercados de Salvador. \u201cConsidero que o feij\u00e3o \u00e9 um <a onclick=\"hwClick0645669(undefined);return false;\" onmouseover=\"hw0645669(event, this, 'undefined'); this.style.cursor='hand'; this.style.textDecoration='underline'; this.style.borderBottom='solid';\" onmouseout=\"hideMaybe('HOTWordsTitle'); this.style.cursor='hand'; this.style.textDecoration='underline'; this.style.borderBottom='dotted 1px'; \" href=\"#\">alimento<\/a> essencial para a sa\u00fade da minha <a onclick=\"hwClick2645669(undefined);return false;\" onmouseover=\"hw2645669(event, this, 'undefined'); this.style.cursor='hand'; this.style.textDecoration='underline'; this.style.borderBottom='solid';\" onmouseout=\"hideMaybe('HOTWordsTitle'); this.style.cursor='hand'; this.style.textDecoration='underline'; this.style.borderBottom='dotted 1px'; \" href=\"#\">fam\u00edlia<\/a>, mas, com este pre\u00e7o, procuro alternativas, principalmente nos finais de semana\u201d, comentou a diarista Gilda Ferreira. Ela diz que n\u00e3o abre m\u00e3o da qualidade e por isso prefere reduzir a frequ\u00eancia com que consome o produto.<\/p>\n<p>A vendedora Marilene Lima Costa diz que s\u00f3 compra quando o produto est\u00e1 em <a onclick=\"hwClick3645669(undefined);return false;\" onmouseover=\"hw3645669(event, this, 'undefined'); this.style.cursor='hand'; this.style.textDecoration='underline'; this.style.borderBottom='solid';\" onmouseout=\"hideMaybe('HOTWordsTitle'); this.style.cursor='hand'; this.style.textDecoration='underline'; this.style.borderBottom='dotted 1px'; \" href=\"#\">promo\u00e7\u00e3o<\/a>. \u201cNa promo\u00e7\u00e3o, eu consigo comprar feij\u00e3o por R$ 2,60 ou R$ 2,80. Hoje, a R$ 4,97, eu desisto de levar\u201d, afirmou a vendedora.<\/p>\n<p>O t\u00e9cnico de planejamento de mercado do feij\u00e3o da Companhia Nacional de Abastecimento (Conab), Jo\u00e3o Ruas, explicou que, apesar de produtores terem aumentado a \u00e1rea plantada na primeira safra de feij\u00e3o em 2010, as fortes chuvas, especialmente no\u00a0 Paran\u00e1 e S\u00e3o Paulo (maiores produtores), prejudicaram a qualidade do produto. \u201cNa segunda safra, a \u00e1rea plantada foi menor e, como j\u00e1 havia o d\u00e9ficit do produto de qualidade no mercado, os pre\u00e7os subiram\u201d, explica ele.<br \/>\n<strong><br \/>\nNordeste<\/strong> &#8211; J\u00e1 as safras do Nordeste, em especial do Cear\u00e1 e Rio Grande do Norte, foram prejudicadas pela estiagem no per\u00edodo de plantio e a demanda da regi\u00e3o aumentou. A Bahia registrou aumento de 34% na produ\u00e7\u00e3o de feij\u00e3o na primeira safra de 2010, mas, com a decad\u00eancia da cultura na regi\u00e3o de Irec\u00ea, a produ\u00e7\u00e3o do Estado hoje n\u00e3o \u00e9 suficiente para impactar nos pre\u00e7os.<\/p>\n<\/div>\n","protected":false},"excerpt":{"rendered":"<p>Rocha l A TARDE Foto: Fernando Vivas\/Ag\u00eancia A TARDE Por causa da alta de pre\u00e7os, a diarista Gilda Ferreira reduziu o consumo de feij\u00e3o O feij\u00e3o-carioquinha est\u00e1 pesando cada vez mais no bolso do consumidor soteropolitano. Para se ter uma ideia,\u00a0 em abril, o produto ficou 20,79% mais caro nos supermercados baianos. J\u00e1 a infla\u00e7\u00e3o do per\u00edodo ficou em 0,92%, de acordo com o \u00cdndice de Pre\u00e7os ao Consumidor Semanal (IPC-S), divulgado na ter\u00e7a-feira, 4, pela Funda\u00e7\u00e3o Get\u00falio Vargas. O produto foi o que registrou maior influ\u00eancia sobre a composi\u00e7\u00e3o da infla\u00e7\u00e3o do\u00a0 setor aliment\u00edcio. O pre\u00e7o do produto varia&#8230;<\/p>\n","protected":false},"author":2,"featured_media":0,"comment_status":"open","ping_status":"open","sticky":false,"template":"","format":"standard","meta":{"footnotes":"","_links_to":"","_links_to_target":""},"categories":[6],"tags":[945,3506,3063],"class_list":["post-8605","post","type-post","status-publish","format-standard","hentry","category-noticias","tag-consumidor","tag-feijao","tag-preco"],"acf":[],"views":634,"_links":{"self":[{"href":"https:\/\/www.walcordeiro.com.br\/v1\/wp-json\/wp\/v2\/posts\/8605","targetHints":{"allow":["GET"]}}],"collection":[{"href":"https:\/\/www.walcordeiro.com.br\/v1\/wp-json\/wp\/v2\/posts"}],"about":[{"href":"https:\/\/www.walcordeiro.com.br\/v1\/wp-json\/wp\/v2\/types\/post"}],"author":[{"embeddable":true,"href":"https:\/\/www.walcordeiro.com.br\/v1\/wp-json\/wp\/v2\/users\/2"}],"replies":[{"embeddable":true,"href":"https:\/\/www.walcordeiro.com.br\/v1\/wp-json\/wp\/v2\/comments?post=8605"}],"version-history":[{"count":2,"href":"https:\/\/www.walcordeiro.com.br\/v1\/wp-json\/wp\/v2\/posts\/8605\/revisions"}],"predecessor-version":[{"id":8607,"href":"https:\/\/www.walcordeiro.com.br\/v1\/wp-json\/wp\/v2\/posts\/8605\/revisions\/8607"}],"wp:attachment":[{"href":"https:\/\/www.walcordeiro.com.br\/v1\/wp-json\/wp\/v2\/media?parent=8605"}],"wp:term":[{"taxonomy":"category","embeddable":true,"href":"https:\/\/www.walcordeiro.com.br\/v1\/wp-json\/wp\/v2\/categories?post=8605"},{"taxonomy":"post_tag","embeddable":true,"href":"https:\/\/www.walcordeiro.com.br\/v1\/wp-json\/wp\/v2\/tags?post=8605"}],"curies":[{"name":"wp","href":"https:\/\/api.w.org\/{rel}","templated":true}]}}