{"id":84121,"date":"2017-10-29T14:44:40","date_gmt":"2017-10-29T17:44:40","guid":{"rendered":"http:\/\/www.walcordeiro.com.br\/v1\/?p=84121"},"modified":"2017-10-29T14:44:40","modified_gmt":"2017-10-29T17:44:40","slug":"prefeito-de-vitoria-da-conquista-herzem-gusmao-rebate-declaracoes-de-rui-costa","status":"publish","type":"post","link":"https:\/\/www.walcordeiro.com.br\/v1\/2017\/10\/29\/prefeito-de-vitoria-da-conquista-herzem-gusmao-rebate-declaracoes-de-rui-costa\/","title":{"rendered":"Prefeito de Vit\u00f3ria da Conquista, Herzem Gusm\u00e3o rebate declara\u00e7\u00f5es de Rui Costa"},"content":{"rendered":"<div class=\"text-center\">\n<div class=\"box-img\"><img decoding=\"async\" class=\"img-center img-responsive\" src=\"http:\/\/imagem.bahianoticias.com.br\/fotos\/principal_noticias\/214108\/IMAGEM_NOTICIA_5.jpg?checksum=1509283293\" alt=\"Prefeito de Vit\u00f3ria da Conquista, Herzem Gusm\u00e3o rebate declara\u00e7\u00f5es de Rui Costa\" \/><\/p>\n<div class=\"img-legenda\">Foto: Reprodu\u00e7\u00e3o\/ Blog do Anderson<\/div>\n<\/div>\n<\/div>\n<div class=\"text-descricao\">\n<p>O prefeito de Vit\u00f3ria da Conquista, Hezem Gusm\u00e3o, rebateu as declara\u00e7\u00f5es do governador Rui Costa ao Blog do Anderson. Em entrevista ao programa Papo Correria, Rui disse: &#8220;Voc\u00ea gosta de pol\u00eamica e foi para o blog, vai ser radialista que \u00e9 o caminho de quem gosta da pol\u00eamica e quem gosta de cuidar do povo, a\u00ed sim, vai ser prefeito, vai ser governador para cuidar do povo e cada macaco no seu galho funciona melhor&#8221;. Em resposta, o prefeito de Vit\u00f3ria da Conquista disse ter considerado a declara\u00e7\u00e3o de Rui Costa &#8220;preconceituosa&#8221;. \u201cLamentar o coment\u00e1rio preconceituoso e tem radialistas da cidade que gostam. N\u00e3o tiveram ainda a sensibilidade de sentir que h\u00e1 uma discrimina\u00e7\u00e3o. \u00c9 um tratamento preconceituoso\u201d, disse Herzem Gusm\u00e3o, que j\u00e1 foi locutor de r\u00e1dio. \u201cCom essa ferramenta eu eduquei meus filhos. Eu tenho tr\u00eas filhos formados, gra\u00e7as a Deus e gra\u00e7as ao microfone e quero voltar ao r\u00e1dio\u201d, disse o prefeito que completou afirmando que \u201cO povo de Conquista me deu uma licen\u00e7a. Eu recebi quase 100 mil votos. Ent\u00e3o lugar de quem tem quase 100 mil votos \u00e9 na Prefeitura\u201d.<\/p>\n<\/div>\n","protected":false},"excerpt":{"rendered":"<p>Foto: Reprodu\u00e7\u00e3o\/ Blog do Anderson O prefeito de Vit\u00f3ria da Conquista, Hezem Gusm\u00e3o, rebateu as declara\u00e7\u00f5es do governador Rui Costa ao Blog do Anderson. Em entrevista ao programa Papo Correria, Rui disse: &#8220;Voc\u00ea gosta de pol\u00eamica e foi para o blog, vai ser radialista que \u00e9 o caminho de quem gosta da pol\u00eamica e quem gosta de cuidar do povo, a\u00ed sim, vai ser prefeito, vai ser governador para cuidar do povo e cada macaco no seu galho funciona melhor&#8221;. Em resposta, o prefeito de Vit\u00f3ria da Conquista disse ter considerado a declara\u00e7\u00e3o de Rui Costa &#8220;preconceituosa&#8221;. \u201cLamentar o coment\u00e1rio&#8230;<\/p>\n","protected":false},"author":2,"featured_media":0,"comment_status":"open","ping_status":"open","sticky":false,"template":"","format":"standard","meta":{"footnotes":"","_links_to":"","_links_to_target":""},"categories":[6],"tags":[],"class_list":["post-84121","post","type-post","status-publish","format-standard","hentry","category-noticias"],"acf":[],"views":599,"_links":{"self":[{"href":"https:\/\/www.walcordeiro.com.br\/v1\/wp-json\/wp\/v2\/posts\/84121","targetHints":{"allow":["GET"]}}],"collection":[{"href":"https:\/\/www.walcordeiro.com.br\/v1\/wp-json\/wp\/v2\/posts"}],"about":[{"href":"https:\/\/www.walcordeiro.com.br\/v1\/wp-json\/wp\/v2\/types\/post"}],"author":[{"embeddable":true,"href":"https:\/\/www.walcordeiro.com.br\/v1\/wp-json\/wp\/v2\/users\/2"}],"replies":[{"embeddable":true,"href":"https:\/\/www.walcordeiro.com.br\/v1\/wp-json\/wp\/v2\/comments?post=84121"}],"version-history":[{"count":1,"href":"https:\/\/www.walcordeiro.com.br\/v1\/wp-json\/wp\/v2\/posts\/84121\/revisions"}],"predecessor-version":[{"id":84122,"href":"https:\/\/www.walcordeiro.com.br\/v1\/wp-json\/wp\/v2\/posts\/84121\/revisions\/84122"}],"wp:attachment":[{"href":"https:\/\/www.walcordeiro.com.br\/v1\/wp-json\/wp\/v2\/media?parent=84121"}],"wp:term":[{"taxonomy":"category","embeddable":true,"href":"https:\/\/www.walcordeiro.com.br\/v1\/wp-json\/wp\/v2\/categories?post=84121"},{"taxonomy":"post_tag","embeddable":true,"href":"https:\/\/www.walcordeiro.com.br\/v1\/wp-json\/wp\/v2\/tags?post=84121"}],"curies":[{"name":"wp","href":"https:\/\/api.w.org\/{rel}","templated":true}]}}