{"id":8347,"date":"2010-05-03T10:49:29","date_gmt":"2010-05-03T13:49:29","guid":{"rendered":"http:\/\/www.walcordeiro.com.br\/v1\/?p=8347"},"modified":"2010-05-03T10:49:29","modified_gmt":"2010-05-03T13:49:29","slug":"dois-jovens-morrem-por-meningite-c-e-numero-de-vitimas-sobe-para-25","status":"publish","type":"post","link":"https:\/\/www.walcordeiro.com.br\/v1\/2010\/05\/03\/dois-jovens-morrem-por-meningite-c-e-numero-de-vitimas-sobe-para-25\/","title":{"rendered":"Dois jovens morrem por meningite C e n\u00famero de v\u00edtimas sobe para 25"},"content":{"rendered":"<p>Reda\u00e7\u00e3o CORREIO<\/p>\n<p>Duas pessoas morreram v\u00edtimas da meningite tipo\u00a0C, a forma mais grave da doen\u00e7a no final de semana, segundo informa\u00e7\u00f5es da Secretaria de Sa\u00fade do Estado (Sesab). Com os \u00faltimos dois \u00f3bitos, o n\u00famero de v\u00edtimas fatais no estado da Bahia sobe para 25, sendo 19 em Salvador e seis no interior.<\/p>\n<p>A primeira v\u00edtima foi um jovem de 22 anos morador do bairro de Itapu\u00e3, que morreu no s\u00e1bado (1\u00ba) .\u00a0O segundo tinha 19 anos e faleceu no domingo (2). Ambos morreram no hospital Couto Maia. Os nomes das v\u00edtimas ainda n\u00e3o foram informados pela Sesab.<\/p>\n<p>O n\u00famero de v\u00edtimas fatais em 2010 j\u00e1 \u00e9 50% maior do que no ano passado.\u00a0Em 2009, neste mesmo per\u00edodo, foram 16 mortes no estado, sendo sete na capital.<\/p>\n","protected":false},"excerpt":{"rendered":"<p>Reda\u00e7\u00e3o CORREIO Duas pessoas morreram v\u00edtimas da meningite tipo\u00a0C, a forma mais grave da doen\u00e7a no final de semana, segundo informa\u00e7\u00f5es da Secretaria de Sa\u00fade do Estado (Sesab). Com os \u00faltimos dois \u00f3bitos, o n\u00famero de v\u00edtimas fatais no estado da Bahia sobe para 25, sendo 19 em Salvador e seis no interior. A primeira v\u00edtima foi um jovem de 22 anos morador do bairro de Itapu\u00e3, que morreu no s\u00e1bado (1\u00ba) .\u00a0O segundo tinha 19 anos e faleceu no domingo (2). Ambos morreram no hospital Couto Maia. Os nomes das v\u00edtimas ainda n\u00e3o foram informados pela Sesab. O n\u00famero&#8230;<\/p>\n","protected":false},"author":2,"featured_media":0,"comment_status":"open","ping_status":"open","sticky":false,"template":"","format":"standard","meta":{"footnotes":"","_links_to":"","_links_to_target":""},"categories":[6],"tags":[222,965],"class_list":["post-8347","post","type-post","status-publish","format-standard","hentry","category-noticias","tag-bahia","tag-meningite"],"acf":[],"views":660,"_links":{"self":[{"href":"https:\/\/www.walcordeiro.com.br\/v1\/wp-json\/wp\/v2\/posts\/8347","targetHints":{"allow":["GET"]}}],"collection":[{"href":"https:\/\/www.walcordeiro.com.br\/v1\/wp-json\/wp\/v2\/posts"}],"about":[{"href":"https:\/\/www.walcordeiro.com.br\/v1\/wp-json\/wp\/v2\/types\/post"}],"author":[{"embeddable":true,"href":"https:\/\/www.walcordeiro.com.br\/v1\/wp-json\/wp\/v2\/users\/2"}],"replies":[{"embeddable":true,"href":"https:\/\/www.walcordeiro.com.br\/v1\/wp-json\/wp\/v2\/comments?post=8347"}],"version-history":[{"count":2,"href":"https:\/\/www.walcordeiro.com.br\/v1\/wp-json\/wp\/v2\/posts\/8347\/revisions"}],"predecessor-version":[{"id":8349,"href":"https:\/\/www.walcordeiro.com.br\/v1\/wp-json\/wp\/v2\/posts\/8347\/revisions\/8349"}],"wp:attachment":[{"href":"https:\/\/www.walcordeiro.com.br\/v1\/wp-json\/wp\/v2\/media?parent=8347"}],"wp:term":[{"taxonomy":"category","embeddable":true,"href":"https:\/\/www.walcordeiro.com.br\/v1\/wp-json\/wp\/v2\/categories?post=8347"},{"taxonomy":"post_tag","embeddable":true,"href":"https:\/\/www.walcordeiro.com.br\/v1\/wp-json\/wp\/v2\/tags?post=8347"}],"curies":[{"name":"wp","href":"https:\/\/api.w.org\/{rel}","templated":true}]}}