{"id":82214,"date":"2017-06-27T07:41:02","date_gmt":"2017-06-27T10:41:02","guid":{"rendered":"http:\/\/www.walcordeiro.com.br\/v1\/?p=82214"},"modified":"2017-06-27T07:41:02","modified_gmt":"2017-06-27T10:41:02","slug":"barra-do-choca-onda-de-violencia-contabiliza-6-mortos-1-ferido-e-6-apreensoes-em-5-dias","status":"publish","type":"post","link":"https:\/\/www.walcordeiro.com.br\/v1\/2017\/06\/27\/barra-do-choca-onda-de-violencia-contabiliza-6-mortos-1-ferido-e-6-apreensoes-em-5-dias\/","title":{"rendered":"Barra do Cho\u00e7a: Onda de viol\u00eancia contabiliza 6 mortos, 1 ferido e 6 apreens\u00f5es em 5 dias"},"content":{"rendered":"<h3>Fernando Damasceno, vulgo Fernandinho, suposto l\u00edder do tr\u00e1fico na cidade, entrou em confronto com policiais militares, e acabou morto.<\/h3>\n<p><img loading=\"lazy\" decoding=\"async\" class=\"\" src=\"http:\/\/i.imgur.com\/UoQFJS5.jpg\" alt=\"\" width=\"341\" height=\"206\" \/><\/p>\n<p>O munic\u00edpio de Barra do Cho\u00e7a contabiliza os resultados da onda de viol\u00eancia dos \u00faltimos cinco dias: 6 mortos, 1 ferido e 6 apreens\u00f5es em 3 dias Guerra entre fac\u00e7\u00f5es: esse seria o motivo da onda de viol\u00eancia que atinge a cidade de Barra do Cho\u00e7a, com popula\u00e7\u00e3o de aproximadamente 35 mil habitantes, localizada a 31 quil\u00f4metros de Vit\u00f3ria da Conquista. Desde o in\u00edcio do ano, foram registrados 16 homic\u00eddios na cidade do caf\u00e9. Somente no \u00faltimo final de semana, foram quatro mortes e uma tentativa, que vitimou um adolescente de 14 anos. De acordo com a delegada titular da cidade, Gabriela Garrido, a morte de um integrante da fac\u00e7\u00e3o \u201c2\u201d foi o estopim para que seus comparsas sentenciassem o exterm\u00ednio de integrantes da fac\u00e7\u00e3o \u201c3\u201d. Desde ent\u00e3o, Barra do Cho\u00e7a vive a onda sangrenta.<\/p>\n<div id=\"quads-ad1\" class=\"quads-location quads-ad1\">Ainda segundo a delegada, o pouco efetivo policial, a extensa zona rural e as v\u00e1rias estradas vicinais, que d\u00e3o acesso a Itapetinga, Conquista e Planalto, fazem de Barra do Cho\u00e7a local propicio para ser usada como esconderijo de traficantes e de drogas. Inclusive, um dos adolescentes assassinados no final de semana era conhecido em Conquista pela pr\u00e1tica criminosa.<\/div>\n<p>Ele participou de uma chacina no Miro Cairo e depois se escondeu em Barra do Cho\u00e7a, onde conheceu sua namorada, que \u00e9 apontada como gerente do tr\u00e1fico. Para dar um basta \u00e0 guerra entre os criminosos, nessa segunda, 26, a Pol\u00edcia Civil desencadeou uma grande opera\u00e7\u00e3o contando com a participa\u00e7\u00e3o do Draco \u2013 Departamento de Repress\u00e3o ao Crime Organizado e da 10a Coorpin, da Pol\u00edcia Militar atrav\u00e9s do pelot\u00e3o da PM local, da Rondesp e do Peto, e Guarda Municipal.<!--more--><\/p>\n<p><img decoding=\"async\" src=\"http:\/\/i.imgur.com\/yDxqZD2.jpg\" alt=\"\" \/><\/p>\n<p>De acordo com a PC, os quatro homic\u00eddios ocorridos no final de semana foram elucidados, bem como a tentativa de homic\u00eddio do adolescente. Vanessa Macedo Rocha, Naiara Rocha e Vin\u00edcius Pereira Barbosa foram presos em flagrante por tr\u00e1fico de drogas. Elenilton Nascimento Monteiro foi preso em flagrante por tr\u00e1fico de drogas e homic\u00eddio. J\u00e1 Emerson da Silva Teixeira foi preso em flagrante pelos tr\u00eas homic\u00eddios ocorridos no domingo, 25. Dois adolescentes foram apreendidos em flagrante por atos Inflacionais an\u00e1logos aos crimes de Trafico de Drogas, Associa\u00e7\u00e3o para o Trafico e Homic\u00eddio.<\/p>\n<p><img decoding=\"async\" src=\"http:\/\/i.imgur.com\/20MeVwf.jpg\" alt=\"\" \/><\/p>\n<p>Segundo informou a Pol\u00edcia Civil, durante a opera\u00e7\u00e3o, investigadores foram averiguar a informa\u00e7\u00e3o que Fernando Damasceno, vulgo Fernandinho, seria um dos lideres do Tr\u00e1fico de Drogas da Cidade, juntamente com Jeovane Almeida de Oliveira, vulgo One, e os representantes da Fac\u00e7\u00e3o \u201cBDN \u2013 TUDO 03\u201d, autores intelectuais de cinco dos seis crimes violentos ocorridos neste final de semana. Ele reagiu a abordagem policial. Houve revide, sendo Fernandinho baleado e morto. Com ele foram encontrados dois rev\u00f3lveres calibre 38 e drogas. A Pol\u00edcia Militar apreendeu a motocicleta utilizada nos homic\u00eddios. A Pol\u00edcia Civil afirma que a pol\u00edcia continua na cidade por tempo indeterminado e nenhum crime ficar\u00e1 sem resposta. \/\/ Blitz Conquista. Foto: Blog do Jorge Amorim.<\/p>\n","protected":false},"excerpt":{"rendered":"<p>Fernando Damasceno, vulgo Fernandinho, suposto l\u00edder do tr\u00e1fico na cidade, entrou em confronto com policiais militares, e acabou morto. O munic\u00edpio de Barra do Cho\u00e7a contabiliza os resultados da onda de viol\u00eancia dos \u00faltimos cinco dias: 6 mortos, 1 ferido e 6 apreens\u00f5es em 3 dias Guerra entre fac\u00e7\u00f5es: esse seria o motivo da onda de viol\u00eancia que atinge a cidade de Barra do Cho\u00e7a, com popula\u00e7\u00e3o de aproximadamente 35 mil habitantes, localizada a 31 quil\u00f4metros de Vit\u00f3ria da Conquista. Desde o in\u00edcio do ano, foram registrados 16 homic\u00eddios na cidade do caf\u00e9. Somente no \u00faltimo final de semana, foram&#8230;<\/p>\n","protected":false},"author":2,"featured_media":0,"comment_status":"open","ping_status":"open","sticky":false,"template":"","format":"standard","meta":{"footnotes":"","_links_to":"","_links_to_target":""},"categories":[6],"tags":[],"class_list":["post-82214","post","type-post","status-publish","format-standard","hentry","category-noticias"],"acf":[],"views":643,"_links":{"self":[{"href":"https:\/\/www.walcordeiro.com.br\/v1\/wp-json\/wp\/v2\/posts\/82214","targetHints":{"allow":["GET"]}}],"collection":[{"href":"https:\/\/www.walcordeiro.com.br\/v1\/wp-json\/wp\/v2\/posts"}],"about":[{"href":"https:\/\/www.walcordeiro.com.br\/v1\/wp-json\/wp\/v2\/types\/post"}],"author":[{"embeddable":true,"href":"https:\/\/www.walcordeiro.com.br\/v1\/wp-json\/wp\/v2\/users\/2"}],"replies":[{"embeddable":true,"href":"https:\/\/www.walcordeiro.com.br\/v1\/wp-json\/wp\/v2\/comments?post=82214"}],"version-history":[{"count":1,"href":"https:\/\/www.walcordeiro.com.br\/v1\/wp-json\/wp\/v2\/posts\/82214\/revisions"}],"predecessor-version":[{"id":82215,"href":"https:\/\/www.walcordeiro.com.br\/v1\/wp-json\/wp\/v2\/posts\/82214\/revisions\/82215"}],"wp:attachment":[{"href":"https:\/\/www.walcordeiro.com.br\/v1\/wp-json\/wp\/v2\/media?parent=82214"}],"wp:term":[{"taxonomy":"category","embeddable":true,"href":"https:\/\/www.walcordeiro.com.br\/v1\/wp-json\/wp\/v2\/categories?post=82214"},{"taxonomy":"post_tag","embeddable":true,"href":"https:\/\/www.walcordeiro.com.br\/v1\/wp-json\/wp\/v2\/tags?post=82214"}],"curies":[{"name":"wp","href":"https:\/\/api.w.org\/{rel}","templated":true}]}}