{"id":82160,"date":"2017-06-24T17:49:06","date_gmt":"2017-06-24T20:49:06","guid":{"rendered":"http:\/\/www.walcordeiro.com.br\/v1\/?p=82160"},"modified":"2017-06-24T17:49:06","modified_gmt":"2017-06-24T20:49:06","slug":"sudoeste-da-bahia-colisao-entre-onibus-e-carro-deixa-seis-mortos-na-br-122","status":"publish","type":"post","link":"https:\/\/www.walcordeiro.com.br\/v1\/2017\/06\/24\/sudoeste-da-bahia-colisao-entre-onibus-e-carro-deixa-seis-mortos-na-br-122\/","title":{"rendered":"Sudoeste da Bahia: Colis\u00e3o entre \u00f4nibus e carro deixa seis mortos na BR-122"},"content":{"rendered":"<div class=\"text-center\">\n<div class=\"box-img\"><img decoding=\"async\" class=\"img-center img-responsive\" src=\"http:\/\/imagem.bahianoticias.com.br\/fotos\/municipios_noticias\/9911\/IMAGEM_NOTICIA_5.jpg?checksum=1498336489\" alt=\"Sudoeste da Bahia: Colis\u00e3o entre \u00f4nibus e carro deixa seis mortos na BR-122\" \/><\/p>\n<div class=\"img-legenda\">Foto: Reprodu\u00e7\u00e3o\/ Achei Sudoeste<\/div>\n<\/div>\n<\/div>\n<div class=\"text-descricao\">\n<p>Seis pessoas morreram em uma batida frontal entre um \u00f4nibus e um carro de passeio na noite desta sexta-feira (23), na BR-122, regi\u00e3o sudoeste da Bahia. De acordo com informa\u00e7\u00f5es da pol\u00edcia, todas as v\u00edtimas estavam no carro. Segundo o G1, ningu\u00e9m no \u00f4nibus se feriu. O coletivo seguia com o motorista e alguns passageiros, que foram colocados em outro ve\u00edculo para seguir viagem. A pol\u00edcia informou que a colis\u00e3o ocorreu por volta das 23h, no trecho da rodovia que liga os munic\u00edpios de Pinda\u00ed e Urandi. Ainda n\u00e3o sabe quais as causas do acidente. N\u00e3o h\u00e1 detalhes sobre identifica\u00e7\u00e3o das v\u00edtimas, mas sabe-se que, entre elas, est\u00e3o m\u00e3e e filho. A idade da crian\u00e7a n\u00e3o foi divulgada. Os corpos foram encaminhados para o Instituto M\u00e9dico Legal (IML) de Guanambi.<\/p>\n<\/div>\n","protected":false},"excerpt":{"rendered":"<p>Foto: Reprodu\u00e7\u00e3o\/ Achei Sudoeste Seis pessoas morreram em uma batida frontal entre um \u00f4nibus e um carro de passeio na noite desta sexta-feira (23), na BR-122, regi\u00e3o sudoeste da Bahia. De acordo com informa\u00e7\u00f5es da pol\u00edcia, todas as v\u00edtimas estavam no carro. Segundo o G1, ningu\u00e9m no \u00f4nibus se feriu. O coletivo seguia com o motorista e alguns passageiros, que foram colocados em outro ve\u00edculo para seguir viagem. A pol\u00edcia informou que a colis\u00e3o ocorreu por volta das 23h, no trecho da rodovia que liga os munic\u00edpios de Pinda\u00ed e Urandi. Ainda n\u00e3o sabe quais as causas do acidente. N\u00e3o&#8230;<\/p>\n","protected":false},"author":2,"featured_media":0,"comment_status":"open","ping_status":"open","sticky":false,"template":"","format":"standard","meta":{"footnotes":"","_links_to":"","_links_to_target":""},"categories":[6],"tags":[],"class_list":["post-82160","post","type-post","status-publish","format-standard","hentry","category-noticias"],"acf":[],"views":773,"_links":{"self":[{"href":"https:\/\/www.walcordeiro.com.br\/v1\/wp-json\/wp\/v2\/posts\/82160","targetHints":{"allow":["GET"]}}],"collection":[{"href":"https:\/\/www.walcordeiro.com.br\/v1\/wp-json\/wp\/v2\/posts"}],"about":[{"href":"https:\/\/www.walcordeiro.com.br\/v1\/wp-json\/wp\/v2\/types\/post"}],"author":[{"embeddable":true,"href":"https:\/\/www.walcordeiro.com.br\/v1\/wp-json\/wp\/v2\/users\/2"}],"replies":[{"embeddable":true,"href":"https:\/\/www.walcordeiro.com.br\/v1\/wp-json\/wp\/v2\/comments?post=82160"}],"version-history":[{"count":1,"href":"https:\/\/www.walcordeiro.com.br\/v1\/wp-json\/wp\/v2\/posts\/82160\/revisions"}],"predecessor-version":[{"id":82161,"href":"https:\/\/www.walcordeiro.com.br\/v1\/wp-json\/wp\/v2\/posts\/82160\/revisions\/82161"}],"wp:attachment":[{"href":"https:\/\/www.walcordeiro.com.br\/v1\/wp-json\/wp\/v2\/media?parent=82160"}],"wp:term":[{"taxonomy":"category","embeddable":true,"href":"https:\/\/www.walcordeiro.com.br\/v1\/wp-json\/wp\/v2\/categories?post=82160"},{"taxonomy":"post_tag","embeddable":true,"href":"https:\/\/www.walcordeiro.com.br\/v1\/wp-json\/wp\/v2\/tags?post=82160"}],"curies":[{"name":"wp","href":"https:\/\/api.w.org\/{rel}","templated":true}]}}