{"id":80596,"date":"2017-03-19T14:22:26","date_gmt":"2017-03-19T17:22:26","guid":{"rendered":"http:\/\/www.walcordeiro.com.br\/v1\/?p=80596"},"modified":"2017-03-19T14:22:26","modified_gmt":"2017-03-19T17:22:26","slug":"conquista-identificado-corpo-encontrado-estrangulado-dentro-de-barraco","status":"publish","type":"post","link":"https:\/\/www.walcordeiro.com.br\/v1\/2017\/03\/19\/conquista-identificado-corpo-encontrado-estrangulado-dentro-de-barraco\/","title":{"rendered":"Conquista: Identificado corpo encontrado estrangulado dentro de barraco"},"content":{"rendered":"<p><img loading=\"lazy\" decoding=\"async\" class=\"aligncenter size-full wp-image-109946 colorbox-109945\" src=\"http:\/\/www.blogdorodrigoferraz.com.br\/wp-content\/uploads\/2017\/03\/estran.jpg\" sizes=\"auto, (max-width: 500px) 100vw, 500px\" srcset=\"http:\/\/www.blogdorodrigoferraz.com.br\/wp-content\/uploads\/2017\/03\/estran.jpg 500w, http:\/\/www.blogdorodrigoferraz.com.br\/wp-content\/uploads\/2017\/03\/estran-300x186.jpg 300w\" alt=\"\" width=\"500\" height=\"310\" \/><\/p>\n<p>Policiais do 1\u00ba Pelot\u00e3o 77\u00baCIPM, foram acionados no inicio da manh\u00e3 de hoje (19), para averiguar um corpo encontrado dentro de um barraco, na rua F, bairro URBIS VI, nas proximidades do Anel Vi\u00e1rio.<\/p>\n<p>No local, ficou constatado a veracidade dos fatos. Um homem conhecido como \u201cNadi\u201d, foi encontrado\u00a0 estrangulado com uma corda amarrada no pesco\u00e7o. Ele morava em um barraco com mais 4 companheiros.<\/p>\n<p>Segundo um dos amigos de Nadi, no momento do crime, a vitima estava no barraco com mais 3 indiv\u00edduos, que n\u00e3o foram identificados. Na manh\u00e3 deste domingo (19), ele foi encontrado morto por outro morador do local, que acionou a Policia. O corpo da vitima ser\u00e1 encaminhado para o Instituto M\u00e9dico Legal onde passar\u00e1 por pericia.<\/p>\n<p>Esse \u00e9 o\u00a0 11\u00ba homic\u00eddio registrado no m\u00eas de mar\u00e7o, e o 38\u00ba\u00a0 homic\u00eddio no ano em Vit\u00f3ria da Conquista. Fonte: Blog do L\u00e9o Santos<\/p>\n","protected":false},"excerpt":{"rendered":"<p>Policiais do 1\u00ba Pelot\u00e3o 77\u00baCIPM, foram acionados no inicio da manh\u00e3 de hoje (19), para averiguar um corpo encontrado dentro de um barraco, na rua F, bairro URBIS VI, nas proximidades do Anel Vi\u00e1rio. No local, ficou constatado a veracidade dos fatos. Um homem conhecido como \u201cNadi\u201d, foi encontrado\u00a0 estrangulado com uma corda amarrada no pesco\u00e7o. Ele morava em um barraco com mais 4 companheiros. Segundo um dos amigos de Nadi, no momento do crime, a vitima estava no barraco com mais 3 indiv\u00edduos, que n\u00e3o foram identificados. Na manh\u00e3 deste domingo (19), ele foi encontrado morto por outro morador&#8230;<\/p>\n","protected":false},"author":2,"featured_media":0,"comment_status":"open","ping_status":"open","sticky":false,"template":"","format":"standard","meta":{"footnotes":"","_links_to":"","_links_to_target":""},"categories":[6],"tags":[],"class_list":["post-80596","post","type-post","status-publish","format-standard","hentry","category-noticias"],"acf":[],"views":488,"_links":{"self":[{"href":"https:\/\/www.walcordeiro.com.br\/v1\/wp-json\/wp\/v2\/posts\/80596","targetHints":{"allow":["GET"]}}],"collection":[{"href":"https:\/\/www.walcordeiro.com.br\/v1\/wp-json\/wp\/v2\/posts"}],"about":[{"href":"https:\/\/www.walcordeiro.com.br\/v1\/wp-json\/wp\/v2\/types\/post"}],"author":[{"embeddable":true,"href":"https:\/\/www.walcordeiro.com.br\/v1\/wp-json\/wp\/v2\/users\/2"}],"replies":[{"embeddable":true,"href":"https:\/\/www.walcordeiro.com.br\/v1\/wp-json\/wp\/v2\/comments?post=80596"}],"version-history":[{"count":1,"href":"https:\/\/www.walcordeiro.com.br\/v1\/wp-json\/wp\/v2\/posts\/80596\/revisions"}],"predecessor-version":[{"id":80597,"href":"https:\/\/www.walcordeiro.com.br\/v1\/wp-json\/wp\/v2\/posts\/80596\/revisions\/80597"}],"wp:attachment":[{"href":"https:\/\/www.walcordeiro.com.br\/v1\/wp-json\/wp\/v2\/media?parent=80596"}],"wp:term":[{"taxonomy":"category","embeddable":true,"href":"https:\/\/www.walcordeiro.com.br\/v1\/wp-json\/wp\/v2\/categories?post=80596"},{"taxonomy":"post_tag","embeddable":true,"href":"https:\/\/www.walcordeiro.com.br\/v1\/wp-json\/wp\/v2\/tags?post=80596"}],"curies":[{"name":"wp","href":"https:\/\/api.w.org\/{rel}","templated":true}]}}