{"id":80213,"date":"2017-02-24T20:32:06","date_gmt":"2017-02-24T23:32:06","guid":{"rendered":"http:\/\/www.walcordeiro.com.br\/v1\/?p=80213"},"modified":"2017-02-24T20:32:06","modified_gmt":"2017-02-24T23:32:06","slug":"marco-tera-bandeira-amarela-e-cobranca-extra-na-conta-de-luz-informa-aneel","status":"publish","type":"post","link":"https:\/\/www.walcordeiro.com.br\/v1\/2017\/02\/24\/marco-tera-bandeira-amarela-e-cobranca-extra-na-conta-de-luz-informa-aneel\/","title":{"rendered":"Mar\u00e7o ter\u00e1 bandeira amarela e cobran\u00e7a extra na conta de luz, informa Aneel"},"content":{"rendered":"<div class=\"mc-column content-text active-extra-styles active-capital-letter\" data-block-type=\"unstyled\" data-block-weight=\"41\">\n<p class=\"content-text__container theme-color-primary-first-letter\" data-track-category=\"Link no Texto\" data-track-links=\"\"><strong><em>do G1<\/em><\/strong><\/p>\n<p class=\"content-text__container theme-color-primary-first-letter\" data-track-category=\"Link no Texto\" data-track-links=\"\">A Ag\u00eancia Nacional de Energia El\u00e9trica (Aneel) informou nesta sexta-feira (24) que os consumidores de energia voltar\u00e3o a pagar taxa extra na conta de luz em mar\u00e7o. A bandeira tarif\u00e1ria estava verde desde dezembro, ou seja, sem cobran\u00e7a extra na conta.<\/p>\n<\/div>\n<div class=\"mc-column content-text active-extra-styles \" data-block-type=\"unstyled\" data-block-weight=\"26\">\n<p class=\"content-text__container \" data-track-category=\"Link no Texto\" data-track-links=\"\">Isso porque, no pr\u00f3ximo m\u00eas, estar\u00e1 em vigor a bandeira tarif\u00e1ria amarela, o que significa a cobran\u00e7a de R$ 2 a cada 100 quilowatts\/hora (kWh) consumidos.<\/p>\n<\/div>\n<div class=\"mc-column content-text active-extra-styles \" data-block-type=\"unstyled\" data-block-weight=\"47\">\n<p class=\"content-text__container \" data-track-category=\"Link no Texto\" data-track-links=\"\">&#8220;No m\u00eas de mar\u00e7o a previs\u00e3o das vaz\u00f5es que chegam nos reservat\u00f3rios das hidrel\u00e9tricas ficou abaixo da expectativa anterior, o que levou a indica\u00e7\u00e3o de maior gera\u00e7\u00e3o termel\u00e9trica como medida para preservar os n\u00edveis de armazenamento e garantir o atendimento \u00e0 carga do sistema&#8221;, informou a ag\u00eancia.<\/p>\n<\/div>\n<div class=\"mc-column content-text active-extra-styles \" data-block-type=\"unstyled\" data-block-weight=\"41\">\n<p class=\"content-text__container \" data-track-category=\"Link no Texto\" data-track-links=\"\">O sistema das bandeiras tarif\u00e1rias criou uma cobran\u00e7a extra nas contas de luz que \u00e9 aplicada sempre que o custo de gera\u00e7\u00e3o de energia no pa\u00eds sobe. Isso acontece quando \u00e9 necess\u00e1rio ligar mais usinas termel\u00e9tricas, que geram energia mais cara.<\/p>\n<\/div>\n<p><!--more--><\/p>\n<div class=\"mc-column content-text active-extra-styles\" data-block-type=\"raw\" data-block-weight=\"5\">\n<div class=\"content-intertitle\">\n<h2>Custo da gera\u00e7\u00e3o de energia<\/h2>\n<\/div>\n<\/div>\n<div class=\"mc-column content-text active-extra-styles \" data-block-type=\"unstyled\" data-block-weight=\"17\">\n<p class=\"content-text__container \" data-track-category=\"Link no Texto\" data-track-links=\"\">O acionamento das bandeiras depende do custo de gera\u00e7\u00e3o da energia, ligado ao acionamento das usinas t\u00e9rmicas.<\/p>\n<\/div>\n<div class=\"mc-column content-text active-extra-styles \" data-block-type=\"unstyled\" data-block-weight=\"45\">\n<p class=\"content-text__container \" data-track-category=\"Link no Texto\" data-track-links=\"\">Quando h\u00e1 pouca ou nenhuma necessidade de gera\u00e7\u00e3o de energia por termel\u00e9tricas, a bandeira fica verde e n\u00e3o h\u00e1 cobran\u00e7a extra. Se essa necessidade aumenta um pouco, a bandeira fica amarela, e passam a ser cobrados R$ 2 dos consumidores a cada 100 kWh consumidos.<\/p>\n<\/div>\n<div class=\"mc-column content-text active-extra-styles \" data-block-type=\"unstyled\" data-block-weight=\"37\">\n<p class=\"content-text__container \" data-track-category=\"Link no Texto\" data-track-links=\"\">Quando o custo sobe muito, a bandeira, ent\u00e3o, fica na cor vermelha e pode variar entre dois patamares. A cobran\u00e7a extra nas contas de luz varia de R$ 3 a R$ 3,50 para cada 100 kWh usados.<\/p>\n<\/div>\n","protected":false},"excerpt":{"rendered":"<p>do G1 A Ag\u00eancia Nacional de Energia El\u00e9trica (Aneel) informou nesta sexta-feira (24) que os consumidores de energia voltar\u00e3o a pagar taxa extra na conta de luz em mar\u00e7o. A bandeira tarif\u00e1ria estava verde desde dezembro, ou seja, sem cobran\u00e7a extra na conta. Isso porque, no pr\u00f3ximo m\u00eas, estar\u00e1 em vigor a bandeira tarif\u00e1ria amarela, o que significa a cobran\u00e7a de R$ 2 a cada 100 quilowatts\/hora (kWh) consumidos. &#8220;No m\u00eas de mar\u00e7o a previs\u00e3o das vaz\u00f5es que chegam nos reservat\u00f3rios das hidrel\u00e9tricas ficou abaixo da expectativa anterior, o que levou a indica\u00e7\u00e3o de maior gera\u00e7\u00e3o termel\u00e9trica como medida para&#8230;<\/p>\n","protected":false},"author":2,"featured_media":0,"comment_status":"open","ping_status":"open","sticky":false,"template":"","format":"standard","meta":{"footnotes":"","_links_to":"","_links_to_target":""},"categories":[6],"tags":[],"class_list":["post-80213","post","type-post","status-publish","format-standard","hentry","category-noticias"],"acf":[],"views":445,"_links":{"self":[{"href":"https:\/\/www.walcordeiro.com.br\/v1\/wp-json\/wp\/v2\/posts\/80213","targetHints":{"allow":["GET"]}}],"collection":[{"href":"https:\/\/www.walcordeiro.com.br\/v1\/wp-json\/wp\/v2\/posts"}],"about":[{"href":"https:\/\/www.walcordeiro.com.br\/v1\/wp-json\/wp\/v2\/types\/post"}],"author":[{"embeddable":true,"href":"https:\/\/www.walcordeiro.com.br\/v1\/wp-json\/wp\/v2\/users\/2"}],"replies":[{"embeddable":true,"href":"https:\/\/www.walcordeiro.com.br\/v1\/wp-json\/wp\/v2\/comments?post=80213"}],"version-history":[{"count":1,"href":"https:\/\/www.walcordeiro.com.br\/v1\/wp-json\/wp\/v2\/posts\/80213\/revisions"}],"predecessor-version":[{"id":80214,"href":"https:\/\/www.walcordeiro.com.br\/v1\/wp-json\/wp\/v2\/posts\/80213\/revisions\/80214"}],"wp:attachment":[{"href":"https:\/\/www.walcordeiro.com.br\/v1\/wp-json\/wp\/v2\/media?parent=80213"}],"wp:term":[{"taxonomy":"category","embeddable":true,"href":"https:\/\/www.walcordeiro.com.br\/v1\/wp-json\/wp\/v2\/categories?post=80213"},{"taxonomy":"post_tag","embeddable":true,"href":"https:\/\/www.walcordeiro.com.br\/v1\/wp-json\/wp\/v2\/tags?post=80213"}],"curies":[{"name":"wp","href":"https:\/\/api.w.org\/{rel}","templated":true}]}}