{"id":80167,"date":"2017-02-22T17:04:26","date_gmt":"2017-02-22T20:04:26","guid":{"rendered":"http:\/\/www.walcordeiro.com.br\/v1\/?p=80167"},"modified":"2017-02-22T17:04:26","modified_gmt":"2017-02-22T20:04:26","slug":"politica-conquistense-herzem-preve-os-primeiros-6-meses-muito-dificeis","status":"publish","type":"post","link":"https:\/\/www.walcordeiro.com.br\/v1\/2017\/02\/22\/politica-conquistense-herzem-preve-os-primeiros-6-meses-muito-dificeis\/","title":{"rendered":"Pol\u00edtica conquistense: Herzem prev\u00ea os primeiros 6 meses \u2018muito dif\u00edceis\u2019"},"content":{"rendered":"<p><img loading=\"lazy\" decoding=\"async\" class=\"aligncenter size-full wp-image-108180 colorbox-108179\" src=\"http:\/\/www.blogdorodrigoferraz.com.br\/wp-content\/uploads\/2017\/02\/DSC_0795.jpg\" sizes=\"auto, (max-width: 500px) 100vw, 500px\" srcset=\"http:\/\/www.blogdorodrigoferraz.com.br\/wp-content\/uploads\/2017\/02\/DSC_0795.jpg 500w, http:\/\/www.blogdorodrigoferraz.com.br\/wp-content\/uploads\/2017\/02\/DSC_0795-300x186.jpg 300w\" alt=\"\" width=\"500\" height=\"310\" \/><\/p>\n<p>O prefeito de Vit\u00f3ria da Conquista, Herzem Gusm\u00e3o (PMDB), voltou ao programa Resenha Geral nesta quarta-feira (22) na R\u00e1dio Brasil FM.<\/p>\n<p>Como de costume, o gestor falou sobre o momento em que vive a prefeitura, afirmando que prev\u00ea que os primeiros seis meses da sua gest\u00e3o ser\u00e3o \u2018muito dif\u00edceis\u2019, acrescendo que os recursos est\u00e3o escassos.<\/p>\n<p>\u201cA obra da perimetral, que n\u00f3s retomamos, tivemos que parar novamente. A Empresa Municipal de Urbaniza\u00e7\u00e3o, a EMURC, n\u00e3o est\u00e1 podendo receber nenhum recurso, em virtude dos d\u00e9bitos herdados da gest\u00e3o anterior, que renegociou as d\u00edvidas, mas se negou a pagar as parcelas. A gente fica feliz porque tem percebido a compreens\u00e3o da popula\u00e7\u00e3o nas ruas. Sei que o povo me elegeu n\u00e3o para reclamar, mas para fazer. Mas estamos empenhados em revolver essas quest\u00f5es\u201d, disse o peemedebista, que apresenta o programa ao lado do tamb\u00e9m radialista Luis Carlos Dud\u00e9, l\u00edder do prefeito na C\u00e2mara, e a comunicadora Sindy Santos. Blog do Rodrigo Ferraz<\/p>\n","protected":false},"excerpt":{"rendered":"<p>O prefeito de Vit\u00f3ria da Conquista, Herzem Gusm\u00e3o (PMDB), voltou ao programa Resenha Geral nesta quarta-feira (22) na R\u00e1dio Brasil FM. Como de costume, o gestor falou sobre o momento em que vive a prefeitura, afirmando que prev\u00ea que os primeiros seis meses da sua gest\u00e3o ser\u00e3o \u2018muito dif\u00edceis\u2019, acrescendo que os recursos est\u00e3o escassos. \u201cA obra da perimetral, que n\u00f3s retomamos, tivemos que parar novamente. A Empresa Municipal de Urbaniza\u00e7\u00e3o, a EMURC, n\u00e3o est\u00e1 podendo receber nenhum recurso, em virtude dos d\u00e9bitos herdados da gest\u00e3o anterior, que renegociou as d\u00edvidas, mas se negou a pagar as parcelas. A gente&#8230;<\/p>\n","protected":false},"author":2,"featured_media":0,"comment_status":"open","ping_status":"open","sticky":false,"template":"","format":"standard","meta":{"footnotes":"","_links_to":"","_links_to_target":""},"categories":[6],"tags":[],"class_list":["post-80167","post","type-post","status-publish","format-standard","hentry","category-noticias"],"acf":[],"views":449,"_links":{"self":[{"href":"https:\/\/www.walcordeiro.com.br\/v1\/wp-json\/wp\/v2\/posts\/80167","targetHints":{"allow":["GET"]}}],"collection":[{"href":"https:\/\/www.walcordeiro.com.br\/v1\/wp-json\/wp\/v2\/posts"}],"about":[{"href":"https:\/\/www.walcordeiro.com.br\/v1\/wp-json\/wp\/v2\/types\/post"}],"author":[{"embeddable":true,"href":"https:\/\/www.walcordeiro.com.br\/v1\/wp-json\/wp\/v2\/users\/2"}],"replies":[{"embeddable":true,"href":"https:\/\/www.walcordeiro.com.br\/v1\/wp-json\/wp\/v2\/comments?post=80167"}],"version-history":[{"count":1,"href":"https:\/\/www.walcordeiro.com.br\/v1\/wp-json\/wp\/v2\/posts\/80167\/revisions"}],"predecessor-version":[{"id":80168,"href":"https:\/\/www.walcordeiro.com.br\/v1\/wp-json\/wp\/v2\/posts\/80167\/revisions\/80168"}],"wp:attachment":[{"href":"https:\/\/www.walcordeiro.com.br\/v1\/wp-json\/wp\/v2\/media?parent=80167"}],"wp:term":[{"taxonomy":"category","embeddable":true,"href":"https:\/\/www.walcordeiro.com.br\/v1\/wp-json\/wp\/v2\/categories?post=80167"},{"taxonomy":"post_tag","embeddable":true,"href":"https:\/\/www.walcordeiro.com.br\/v1\/wp-json\/wp\/v2\/tags?post=80167"}],"curies":[{"name":"wp","href":"https:\/\/api.w.org\/{rel}","templated":true}]}}