{"id":79854,"date":"2017-02-06T11:36:04","date_gmt":"2017-02-06T14:36:04","guid":{"rendered":"http:\/\/www.walcordeiro.com.br\/v1\/?p=79854"},"modified":"2017-02-06T11:36:04","modified_gmt":"2017-02-06T14:36:04","slug":"conquista-rede-de-assistencia-social-participa-de-capacitacao-sobre-o-cadunico","status":"publish","type":"post","link":"https:\/\/www.walcordeiro.com.br\/v1\/2017\/02\/06\/conquista-rede-de-assistencia-social-participa-de-capacitacao-sobre-o-cadunico\/","title":{"rendered":"Conquista: Rede de Assist\u00eancia Social participa de capacita\u00e7\u00e3o sobre o Cad\u00danico"},"content":{"rendered":"<figure id=\"attachment_106011\" class=\"wp-caption aligncenter\" style=\"width: 349px;\"><a href=\"http:\/\/www.pmvc.ba.gov.br\/wp-content\/uploads\/IMG_1390-1.jpg\"><img loading=\"lazy\" decoding=\"async\" class=\" wp-image-106011\" src=\"http:\/\/www.pmvc.ba.gov.br\/wp-content\/uploads\/IMG_1390-1-532x399.jpg\" sizes=\"auto, (max-width: 532px) 100vw, 532px\" srcset=\"http:\/\/www.pmvc.ba.gov.br\/wp-content\/uploads\/IMG_1390-1-532x399.jpg 532w, http:\/\/www.pmvc.ba.gov.br\/wp-content\/uploads\/IMG_1390-1-768x576.jpg 768w, http:\/\/www.pmvc.ba.gov.br\/wp-content\/uploads\/IMG_1390-1-907x680.jpg 907w\" alt=\"Capacita\u00e7\u00e3o Cad\u00danico\" width=\"339\" height=\"254\" \/><\/a><figcaption class=\"wp-caption-text\">Capacita\u00e7\u00e3o Cad\u00danico<\/figcaption><\/figure>\n<p>Os gestores dos servi\u00e7os que comp\u00f5em a Rede de Assist\u00eancia Social do Munic\u00edpio participaram, na \u00faltima sexta-feira, 3, de uma capacita\u00e7\u00e3o sobre o Cadastro \u00danico (Cad\u00danico), etapa importante para o acesso a benef\u00edcios sociais. O curso, realizado na Rede de Aten\u00e7\u00e3o \u00e0 Crian\u00e7a e ao Adolescente, foi promovido pela Secretaria de Desenvolvimento Social, como parte da meta de atualizar os servidores para melhorar a qualidade do atendimento.<\/p>\n<p>O encontro abordou o cadastramento e\u00a0a atualiza\u00e7\u00e3o dos cadastros j\u00e1 existentes, al\u00e9m de informa\u00e7\u00f5es sobre o benef\u00edcio Bolsa Fam\u00edlia. Para o coordenador de Renda e Cidadania Wal Cordeiro, neste primeiro momento, o mais importante \u00e9 capacitar a equipe para melhorar o atendimento ao usu\u00e1rio.\u00a0\u201cQuem tem a informa\u00e7\u00e3o conhece a situa\u00e7\u00e3o. Quem tem a boa informa\u00e7\u00e3o domina a situa\u00e7\u00e3o. Desta forma, temos a meta de melhorar nosso cadastramento, prestando um bom atendimento aos usu\u00e1rios que buscam nosso servi\u00e7o\u201d, ressaltou Wal.<\/p>\n<p>A vice-prefeita e Secret\u00e1ria de Desenvolvimento Social, Irma Lemos, aproveitou a oportunidade para dar as boas-vindas \u00e0s equipes que atuam na Rede: \u201cEu tenho uma grande esperan\u00e7a de dias melhores. Estamos aqui para contribuir com voc\u00eas para que juntos possamos fazer o melhor trabalho e contribuir para o desenvolvimento de nossa cidade\u201d, declarou Irma.<!--more--><\/p>\n<p>Al\u00e9m dos integrantes da Rede, o encontro contou com a participa\u00e7\u00e3o de t\u00e9cnicos do INSS, das secretarias de Sa\u00fade e Educa\u00e7\u00e3o e conselheiros de Assist\u00eancia Social, que tiraram suas d\u00favidas com a t\u00e9cnica da secretaria, Alenilda Carvalho.\u00a0 Para Ludyari de Oliveira Melo, gerente do Centro de Refer\u00eancia Especializado em Assist\u00eancia Social\/Creas Jos\u00e9 Gon\u00e7alves, momentos como este s\u00e3o muito importantes, \u201ceste \u00e9 um momento de atualiza\u00e7\u00e3o, de tirar d\u00favidas sobre o nosso papel dentro do Programa Bolsa Fam\u00edlia e de conhecer a nova gest\u00e3o\u201d, avaliou Ludyari.<\/p>\n<figure id=\"attachment_106012\" class=\"wp-caption aligncenter\" style=\"width: 405px;\"><a href=\"http:\/\/www.pmvc.ba.gov.br\/wp-content\/uploads\/IMG_1406.jpg\"><img loading=\"lazy\" decoding=\"async\" class=\" wp-image-106012\" src=\"http:\/\/www.pmvc.ba.gov.br\/wp-content\/uploads\/IMG_1406-532x399.jpg\" sizes=\"auto, (max-width: 532px) 100vw, 532px\" srcset=\"http:\/\/www.pmvc.ba.gov.br\/wp-content\/uploads\/IMG_1406-532x399.jpg 532w, http:\/\/www.pmvc.ba.gov.br\/wp-content\/uploads\/IMG_1406-768x576.jpg 768w, http:\/\/www.pmvc.ba.gov.br\/wp-content\/uploads\/IMG_1406-907x680.jpg 907w\" alt=\"Capacita\u00e7\u00e3o Cad\u00danico\" width=\"395\" height=\"296\" \/><\/a><figcaption class=\"wp-caption-text\">Capacita\u00e7\u00e3o Cad\u00danico<\/figcaption><\/figure>\n<p>SECOM\/PMVC<\/p>\n","protected":false},"excerpt":{"rendered":"<p>Capacita\u00e7\u00e3o Cad\u00danico Os gestores dos servi\u00e7os que comp\u00f5em a Rede de Assist\u00eancia Social do Munic\u00edpio participaram, na \u00faltima sexta-feira, 3, de uma capacita\u00e7\u00e3o sobre o Cadastro \u00danico (Cad\u00danico), etapa importante para o acesso a benef\u00edcios sociais. O curso, realizado na Rede de Aten\u00e7\u00e3o \u00e0 Crian\u00e7a e ao Adolescente, foi promovido pela Secretaria de Desenvolvimento Social, como parte da meta de atualizar os servidores para melhorar a qualidade do atendimento. O encontro abordou o cadastramento e\u00a0a atualiza\u00e7\u00e3o dos cadastros j\u00e1 existentes, al\u00e9m de informa\u00e7\u00f5es sobre o benef\u00edcio Bolsa Fam\u00edlia. Para o coordenador de Renda e Cidadania Wal Cordeiro, neste primeiro momento,&#8230;<\/p>\n","protected":false},"author":2,"featured_media":0,"comment_status":"open","ping_status":"open","sticky":false,"template":"","format":"standard","meta":{"footnotes":"","_links_to":"","_links_to_target":""},"categories":[6],"tags":[],"class_list":["post-79854","post","type-post","status-publish","format-standard","hentry","category-noticias"],"acf":[],"views":735,"_links":{"self":[{"href":"https:\/\/www.walcordeiro.com.br\/v1\/wp-json\/wp\/v2\/posts\/79854","targetHints":{"allow":["GET"]}}],"collection":[{"href":"https:\/\/www.walcordeiro.com.br\/v1\/wp-json\/wp\/v2\/posts"}],"about":[{"href":"https:\/\/www.walcordeiro.com.br\/v1\/wp-json\/wp\/v2\/types\/post"}],"author":[{"embeddable":true,"href":"https:\/\/www.walcordeiro.com.br\/v1\/wp-json\/wp\/v2\/users\/2"}],"replies":[{"embeddable":true,"href":"https:\/\/www.walcordeiro.com.br\/v1\/wp-json\/wp\/v2\/comments?post=79854"}],"version-history":[{"count":1,"href":"https:\/\/www.walcordeiro.com.br\/v1\/wp-json\/wp\/v2\/posts\/79854\/revisions"}],"predecessor-version":[{"id":79855,"href":"https:\/\/www.walcordeiro.com.br\/v1\/wp-json\/wp\/v2\/posts\/79854\/revisions\/79855"}],"wp:attachment":[{"href":"https:\/\/www.walcordeiro.com.br\/v1\/wp-json\/wp\/v2\/media?parent=79854"}],"wp:term":[{"taxonomy":"category","embeddable":true,"href":"https:\/\/www.walcordeiro.com.br\/v1\/wp-json\/wp\/v2\/categories?post=79854"},{"taxonomy":"post_tag","embeddable":true,"href":"https:\/\/www.walcordeiro.com.br\/v1\/wp-json\/wp\/v2\/tags?post=79854"}],"curies":[{"name":"wp","href":"https:\/\/api.w.org\/{rel}","templated":true}]}}