{"id":79581,"date":"2017-01-23T15:10:16","date_gmt":"2017-01-23T18:10:16","guid":{"rendered":"http:\/\/www.walcordeiro.com.br\/v1\/?p=79581"},"modified":"2017-01-23T15:10:16","modified_gmt":"2017-01-23T18:10:16","slug":"615-vagas-sao-oferecidas-pela-uesb-por-meio-do-sisu","status":"publish","type":"post","link":"https:\/\/www.walcordeiro.com.br\/v1\/2017\/01\/23\/615-vagas-sao-oferecidas-pela-uesb-por-meio-do-sisu\/","title":{"rendered":"615 vagas s\u00e3o oferecidas pela UESB por meio do Sisu"},"content":{"rendered":"<p>&nbsp;<\/p>\n<p><img loading=\"lazy\" decoding=\"async\" class=\"aligncenter  wp-image-214838\" src=\"http:\/\/static.blogdaresenhageral.com.br\/wp-content\/uploads\/2015\/07\/UESB1.jpg?x43390\" sizes=\"auto, (max-width: 500px) 100vw, 500px\" srcset=\"http:\/\/static.blogdaresenhageral.com.br\/wp-content\/uploads\/2015\/07\/UESB1.jpg?x43390 500w, http:\/\/static.blogdaresenhageral.com.br\/wp-content\/uploads\/2015\/07\/UESB1-300x180.jpg?x43390 300w\" alt=\"\" width=\"343\" height=\"206\" \/><\/p>\n<p>A Universidade Estadual do Sudoeste da Bahia (Uesb), divulgou\u00a0na manh\u00e3 desta segunda-feira (22), por meio do <a href=\"http:\/\/www.uesb.br\/editais\/2017\/01\/Edital-007-17.pdf\">Edital oo7\/17<\/a>, o n\u00famero de vagas de gradua\u00e7\u00e3o do primeiro semestre de 2017, destinadas ao Sistema de Sele\u00e7\u00e3o Unificada (Sisu).<\/p>\n<p>Ao todo s\u00e3o 615 vagas distribu\u00eddas entre os 38 cursos oferecidos pela Universidade em seus tr\u00eas campi. O\u00a0n\u00famero de vagas por curso, o peso de cada prova para o c\u00e1lculo da nota final e outros detalhes podem ser conferidos no <a href=\"http:\/\/www.uesb.br\/editais\/2017\/01\/Termo-de-Adesao-Sisu-2017-1.pdf\">Termo de Ades\u00e3o<\/a>.<\/p>\n<p>Vale lembrar que o prazo para se inscrever no Sisu come\u00e7a amanh\u00e3 (24) e vai at\u00e9 a pr\u00f3xima sexta-feira (27). O resultado do processo seletivo ser\u00e1 divulgado no dia 30 de janeiro, pr\u00f3xima segunda-feira. Os candidatos convocados em primeira chamada dever\u00e3o realizar a matr\u00edcula na institui\u00e7\u00e3o entre os dias 3 e 7 de fevereiro.<\/p>\n<p>Caso haja vagas remanescentes, ser\u00e3o convocados os candidatos que se inscreverem na lista de espera, mas somente ap\u00f3s a inscri\u00e7\u00e3o dos estudantes da primeira chamada. O per\u00edodo de inscri\u00e7\u00e3o na lista de espera ser\u00e1 do dia\u00a030 de janeiro a 10 de fevereiro.<\/p>\n<p>Mais informa\u00e7\u00f5es podem ser encontradas no <a href=\"http:\/\/sisu.mec.gov.br\/\">site do SiSU<\/a>\u00a0ou entrando em contato com a Secretaria de Cursos da Uesb pelos telefones (73) 3528-9654, em Jequi\u00e9; (77) 3261-8612, em Itapetinga; e (77) 3424-8661, em Vit\u00f3ria da Conquista.<\/p>\n","protected":false},"excerpt":{"rendered":"<p>&nbsp; A Universidade Estadual do Sudoeste da Bahia (Uesb), divulgou\u00a0na manh\u00e3 desta segunda-feira (22), por meio do Edital oo7\/17, o n\u00famero de vagas de gradua\u00e7\u00e3o do primeiro semestre de 2017, destinadas ao Sistema de Sele\u00e7\u00e3o Unificada (Sisu). Ao todo s\u00e3o 615 vagas distribu\u00eddas entre os 38 cursos oferecidos pela Universidade em seus tr\u00eas campi. O\u00a0n\u00famero de vagas por curso, o peso de cada prova para o c\u00e1lculo da nota final e outros detalhes podem ser conferidos no Termo de Ades\u00e3o. Vale lembrar que o prazo para se inscrever no Sisu come\u00e7a amanh\u00e3 (24) e vai at\u00e9 a pr\u00f3xima sexta-feira (27)&#8230;.<\/p>\n","protected":false},"author":2,"featured_media":0,"comment_status":"open","ping_status":"open","sticky":false,"template":"","format":"standard","meta":{"footnotes":"","_links_to":"","_links_to_target":""},"categories":[6],"tags":[],"class_list":["post-79581","post","type-post","status-publish","format-standard","hentry","category-noticias"],"acf":[],"views":880,"_links":{"self":[{"href":"https:\/\/www.walcordeiro.com.br\/v1\/wp-json\/wp\/v2\/posts\/79581","targetHints":{"allow":["GET"]}}],"collection":[{"href":"https:\/\/www.walcordeiro.com.br\/v1\/wp-json\/wp\/v2\/posts"}],"about":[{"href":"https:\/\/www.walcordeiro.com.br\/v1\/wp-json\/wp\/v2\/types\/post"}],"author":[{"embeddable":true,"href":"https:\/\/www.walcordeiro.com.br\/v1\/wp-json\/wp\/v2\/users\/2"}],"replies":[{"embeddable":true,"href":"https:\/\/www.walcordeiro.com.br\/v1\/wp-json\/wp\/v2\/comments?post=79581"}],"version-history":[{"count":1,"href":"https:\/\/www.walcordeiro.com.br\/v1\/wp-json\/wp\/v2\/posts\/79581\/revisions"}],"predecessor-version":[{"id":79582,"href":"https:\/\/www.walcordeiro.com.br\/v1\/wp-json\/wp\/v2\/posts\/79581\/revisions\/79582"}],"wp:attachment":[{"href":"https:\/\/www.walcordeiro.com.br\/v1\/wp-json\/wp\/v2\/media?parent=79581"}],"wp:term":[{"taxonomy":"category","embeddable":true,"href":"https:\/\/www.walcordeiro.com.br\/v1\/wp-json\/wp\/v2\/categories?post=79581"},{"taxonomy":"post_tag","embeddable":true,"href":"https:\/\/www.walcordeiro.com.br\/v1\/wp-json\/wp\/v2\/tags?post=79581"}],"curies":[{"name":"wp","href":"https:\/\/api.w.org\/{rel}","templated":true}]}}