{"id":78042,"date":"2016-11-11T08:00:08","date_gmt":"2016-11-11T11:00:08","guid":{"rendered":"http:\/\/www.walcordeiro.com.br\/v1\/?p=78042"},"modified":"2016-11-11T08:00:08","modified_gmt":"2016-11-11T11:00:08","slug":"conquista-claudinha-itamar-ou-claudio-cardoso-podem-compor-secretariado-de-herzem","status":"publish","type":"post","link":"https:\/\/www.walcordeiro.com.br\/v1\/2016\/11\/11\/conquista-claudinha-itamar-ou-claudio-cardoso-podem-compor-secretariado-de-herzem\/","title":{"rendered":"Conquista: Claudinha, Itamar ou Cl\u00e1udio Cardoso podem compor secretariado de Herzem"},"content":{"rendered":"<p><img loading=\"lazy\" decoding=\"async\" class=\"aligncenter size-full wp-image-99820 colorbox-99819\" src=\"http:\/\/www.blogdorodrigoferraz.com.br\/wp-content\/uploads\/2016\/11\/nomes-herzem.jpg\" sizes=\"auto, (max-width: 500px) 100vw, 500px\" srcset=\"http:\/\/www.blogdorodrigoferraz.com.br\/wp-content\/uploads\/2016\/11\/nomes-herzem.jpg 500w, http:\/\/www.blogdorodrigoferraz.com.br\/wp-content\/uploads\/2016\/11\/nomes-herzem-300x186.jpg 300w\" alt=\"nomes-herzem\" width=\"500\" height=\"310\" \/><\/p>\n<p>No per\u00edodo eleitoral, o ent\u00e3o candidato a prefeito de Vit\u00f3ria da Conquista, Herzem Gusm\u00e3o (PMDB), se comprometeu com o movimento Pr\u00f3-Conquista, composto por entidades do setor produtivo da cidade, a escolher um entre os tr\u00eas nomes indicados pelo grupo para assumir a futura Secretaria de Ind\u00fastria, Com\u00e9rcio e Desenvolvimento Econ\u00f4mico. Honrando o compromisso, nesta quita-feira (10), o prefeito eleito Herzem se reuniu novamente com o movimento, quando recebeu a indica\u00e7\u00e3o dos nomes.<\/p>\n<p>\u201cEsse \u00e9 um momento hist\u00f3rico para Conquista. A cidade ter\u00e1 a oportunidade de ter uma secretaria atuante, dentro do modelo sugerido pelas entidades produtoras, e alinhada como movimento Pr\u00f3-Conquista, restabelecendo o di\u00e1logo interrompido pela atual gest\u00e3o na prefeitura\u201d, afirmou Herzem.<\/p>\n<p>Cl\u00e1udia Dutra Melo Pereira, atual presidente da C\u00e2mara de Dirigentes Lojistas (CDL); Itamar Figueiredo Santos, presidente da Associa\u00e7\u00e3o Comercial e Industrial de Vit\u00f3ria da Conquista (Acivic); e Claudio Cardoso, ex-superintendente do Sebrae\/Vit\u00f3ria da Conquista, foram os nomes sugeridos pelo grupo.<!--more--><\/p>\n<p>\u201cO futuro secret\u00e1rio de Ind\u00fastria, Com\u00e9rcio e Desenvolvimento Econ\u00f4mico sair\u00e1 desses nomes. Obviamente, ir\u00e1 receber metas, como todos os outros, que ser\u00e3o periodicamente cobradas e revisadas. Temos a obriga\u00e7\u00e3o de resolver os gargalos existentes no desenvolvimento econ\u00f4mico de Conquista e assim melhorar continuamente. Os desafios s\u00e3o grandes, e, por isso, o trabalho ser\u00e1 intenso. Vamos ser rigorosos na busca pela efici\u00eancia da m\u00e1quina administrativa\u201d, ressaltou Herzem. Blog do Rodrigo Ferraz<\/p>\n","protected":false},"excerpt":{"rendered":"<p>No per\u00edodo eleitoral, o ent\u00e3o candidato a prefeito de Vit\u00f3ria da Conquista, Herzem Gusm\u00e3o (PMDB), se comprometeu com o movimento Pr\u00f3-Conquista, composto por entidades do setor produtivo da cidade, a escolher um entre os tr\u00eas nomes indicados pelo grupo para assumir a futura Secretaria de Ind\u00fastria, Com\u00e9rcio e Desenvolvimento Econ\u00f4mico. Honrando o compromisso, nesta quita-feira (10), o prefeito eleito Herzem se reuniu novamente com o movimento, quando recebeu a indica\u00e7\u00e3o dos nomes. \u201cEsse \u00e9 um momento hist\u00f3rico para Conquista. A cidade ter\u00e1 a oportunidade de ter uma secretaria atuante, dentro do modelo sugerido pelas entidades produtoras, e alinhada como movimento&#8230;<\/p>\n","protected":false},"author":2,"featured_media":0,"comment_status":"open","ping_status":"open","sticky":false,"template":"","format":"standard","meta":{"footnotes":"","_links_to":"","_links_to_target":""},"categories":[6],"tags":[],"class_list":["post-78042","post","type-post","status-publish","format-standard","hentry","category-noticias"],"acf":[],"views":724,"_links":{"self":[{"href":"https:\/\/www.walcordeiro.com.br\/v1\/wp-json\/wp\/v2\/posts\/78042","targetHints":{"allow":["GET"]}}],"collection":[{"href":"https:\/\/www.walcordeiro.com.br\/v1\/wp-json\/wp\/v2\/posts"}],"about":[{"href":"https:\/\/www.walcordeiro.com.br\/v1\/wp-json\/wp\/v2\/types\/post"}],"author":[{"embeddable":true,"href":"https:\/\/www.walcordeiro.com.br\/v1\/wp-json\/wp\/v2\/users\/2"}],"replies":[{"embeddable":true,"href":"https:\/\/www.walcordeiro.com.br\/v1\/wp-json\/wp\/v2\/comments?post=78042"}],"version-history":[{"count":1,"href":"https:\/\/www.walcordeiro.com.br\/v1\/wp-json\/wp\/v2\/posts\/78042\/revisions"}],"predecessor-version":[{"id":78043,"href":"https:\/\/www.walcordeiro.com.br\/v1\/wp-json\/wp\/v2\/posts\/78042\/revisions\/78043"}],"wp:attachment":[{"href":"https:\/\/www.walcordeiro.com.br\/v1\/wp-json\/wp\/v2\/media?parent=78042"}],"wp:term":[{"taxonomy":"category","embeddable":true,"href":"https:\/\/www.walcordeiro.com.br\/v1\/wp-json\/wp\/v2\/categories?post=78042"},{"taxonomy":"post_tag","embeddable":true,"href":"https:\/\/www.walcordeiro.com.br\/v1\/wp-json\/wp\/v2\/tags?post=78042"}],"curies":[{"name":"wp","href":"https:\/\/api.w.org\/{rel}","templated":true}]}}