{"id":77459,"date":"2016-10-15T07:32:54","date_gmt":"2016-10-15T10:32:54","guid":{"rendered":"http:\/\/www.walcordeiro.com.br\/v1\/?p=77459"},"modified":"2016-10-15T07:32:54","modified_gmt":"2016-10-15T10:32:54","slug":"evento-reunira-jovens-das-igrejas-batista-da-bahia-em-conquista","status":"publish","type":"post","link":"https:\/\/www.walcordeiro.com.br\/v1\/2016\/10\/15\/evento-reunira-jovens-das-igrejas-batista-da-bahia-em-conquista\/","title":{"rendered":"Evento reunir\u00e1 jovens das igrejas Batista da Bahia em Conquista"},"content":{"rendered":"<p><img loading=\"lazy\" decoding=\"async\" class=\"alignright size-medium wp-image-250751\" src=\"http:\/\/static.blogdaresenhageral.com.br\/wp-content\/uploads\/2016\/10\/VI-CONFER%C3%A8NCIA-EBENEZER-212x300.jpg?3f4c7a\" sizes=\"auto, (max-width: 212px) 100vw, 212px\" srcset=\"http:\/\/static.blogdaresenhageral.com.br\/wp-content\/uploads\/2016\/10\/VI-CONFER\u00e8NCIA-EBENEZER-212x300.jpg 212w, http:\/\/static.blogdaresenhageral.com.br\/wp-content\/uploads\/2016\/10\/VI-CONFER\u00e8NCIA-EBENEZER.jpg 707w\" alt=\"vi-conferencia-ebenezer\" width=\"212\" height=\"300\" \/>Nos dias 22 e 23 de outubro acontece em Vit\u00f3ria da Conquista a VI Confer\u00eancia de Adolescentes e Jovens (Confaj). O evento que envolve mais de 25 igrejas Batistas\u00a0tradicionais e igrejas co-irm\u00e3s.<\/p>\n<p>O tema este ano Fonte da Vida, tem por finalidade maior mostrar aos jovens\u00a0e adolescentes a buscar e permanecer na fonte correta que \u00e9 Jesus Cristo. A confer\u00eancia ter\u00e1 a participa\u00e7\u00e3o musical da\u00a0Orquestra Sal\u00e9m Salvador Bahia, Orquestra e Escola de Musica da PIBBVC, Duetos, Solo, Conjuntos.<\/p>\n<p>Segundo a organiza\u00e7\u00e3o, \u00e9 esperado um grande n\u00famero de jovens de v\u00e1rias partes da Bahia, como Salvador, Itabuna, Anag\u00e9, Encruzilhada, Sim\u00f5es Filho,\u00a0Buritirama e Itamb\u00e9. A entrada Franca.<\/p>\n","protected":false},"excerpt":{"rendered":"<p>Nos dias 22 e 23 de outubro acontece em Vit\u00f3ria da Conquista a VI Confer\u00eancia de Adolescentes e Jovens (Confaj). O evento que envolve mais de 25 igrejas Batistas\u00a0tradicionais e igrejas co-irm\u00e3s. O tema este ano Fonte da Vida, tem por finalidade maior mostrar aos jovens\u00a0e adolescentes a buscar e permanecer na fonte correta que \u00e9 Jesus Cristo. A confer\u00eancia ter\u00e1 a participa\u00e7\u00e3o musical da\u00a0Orquestra Sal\u00e9m Salvador Bahia, Orquestra e Escola de Musica da PIBBVC, Duetos, Solo, Conjuntos. Segundo a organiza\u00e7\u00e3o, \u00e9 esperado um grande n\u00famero de jovens de v\u00e1rias partes da Bahia, como Salvador, Itabuna, Anag\u00e9, Encruzilhada, Sim\u00f5es Filho,\u00a0Buritirama&#8230;<\/p>\n","protected":false},"author":2,"featured_media":0,"comment_status":"open","ping_status":"open","sticky":false,"template":"","format":"standard","meta":{"footnotes":"","_links_to":"","_links_to_target":""},"categories":[6],"tags":[],"class_list":["post-77459","post","type-post","status-publish","format-standard","hentry","category-noticias"],"acf":[],"views":479,"_links":{"self":[{"href":"https:\/\/www.walcordeiro.com.br\/v1\/wp-json\/wp\/v2\/posts\/77459","targetHints":{"allow":["GET"]}}],"collection":[{"href":"https:\/\/www.walcordeiro.com.br\/v1\/wp-json\/wp\/v2\/posts"}],"about":[{"href":"https:\/\/www.walcordeiro.com.br\/v1\/wp-json\/wp\/v2\/types\/post"}],"author":[{"embeddable":true,"href":"https:\/\/www.walcordeiro.com.br\/v1\/wp-json\/wp\/v2\/users\/2"}],"replies":[{"embeddable":true,"href":"https:\/\/www.walcordeiro.com.br\/v1\/wp-json\/wp\/v2\/comments?post=77459"}],"version-history":[{"count":1,"href":"https:\/\/www.walcordeiro.com.br\/v1\/wp-json\/wp\/v2\/posts\/77459\/revisions"}],"predecessor-version":[{"id":77460,"href":"https:\/\/www.walcordeiro.com.br\/v1\/wp-json\/wp\/v2\/posts\/77459\/revisions\/77460"}],"wp:attachment":[{"href":"https:\/\/www.walcordeiro.com.br\/v1\/wp-json\/wp\/v2\/media?parent=77459"}],"wp:term":[{"taxonomy":"category","embeddable":true,"href":"https:\/\/www.walcordeiro.com.br\/v1\/wp-json\/wp\/v2\/categories?post=77459"},{"taxonomy":"post_tag","embeddable":true,"href":"https:\/\/www.walcordeiro.com.br\/v1\/wp-json\/wp\/v2\/tags?post=77459"}],"curies":[{"name":"wp","href":"https:\/\/api.w.org\/{rel}","templated":true}]}}