{"id":77457,"date":"2016-10-15T07:30:33","date_gmt":"2016-10-15T10:30:33","guid":{"rendered":"http:\/\/www.walcordeiro.com.br\/v1\/?p=77457"},"modified":"2016-10-15T07:30:33","modified_gmt":"2016-10-15T10:30:33","slug":"paulo-souto-acm-neto-e-geddel-hoje-em-vitoria-da-conquista","status":"publish","type":"post","link":"https:\/\/www.walcordeiro.com.br\/v1\/2016\/10\/15\/paulo-souto-acm-neto-e-geddel-hoje-em-vitoria-da-conquista\/","title":{"rendered":"Paulo Souto, ACM Neto e Geddel hoje em Vit\u00f3ria da Conquista"},"content":{"rendered":"<p><a href=\"http:\/\/static.blogdaresenhageral.com.br\/wp-content\/uploads\/2016\/10\/Tres.jpg?3f4c7a\" data-slb-active=\"1\" data-slb-asset=\"1304129417\" data-slb-group=\"250777\"><img loading=\"lazy\" decoding=\"async\" class=\"aligncenter wp-image-250779\" src=\"http:\/\/static.blogdaresenhageral.com.br\/wp-content\/uploads\/2016\/10\/Tres.jpg?3f4c7a\" sizes=\"auto, (max-width: 451px) 100vw, 451px\" srcset=\"http:\/\/static.blogdaresenhageral.com.br\/wp-content\/uploads\/2016\/10\/Tres.jpg 597w, http:\/\/static.blogdaresenhageral.com.br\/wp-content\/uploads\/2016\/10\/Tres-300x169.jpg 300w\" alt=\"tres\" width=\"451\" height=\"254\" \/><\/a><\/p>\n<p>Na manh\u00e3 deste s\u00e1bado (15), o candidato a prefeito de Vit\u00f3ria da Conquista, Herzem Gusm\u00e3o (PMDB), que venceu o 1\u00ba turno das elei\u00e7\u00f5es, receber\u00e1 no aeroporto Pedro Otac\u00edlio de Figueiredo, \u00e0s 9:30 horas, o ministro Geddel Vieira Lima (Secretaria de Governo), e o prefeito de Salvador, ACM Neto (DEM) e ainda deputados, prefeitos e lideran\u00e7as da regi\u00e3o Sudoeste \u2013 para um evento pol\u00edtico que acontecer\u00e1 por volta das 12 horas no Espa\u00e7o Rafik, localizado na Av. Vivaldo Mendes, nas proximidades da Pra\u00e7a do Gil.<\/p>\n<p>Do aeroporto a comitiva sair\u00e1 em carreta at\u00e9 o local onde ocorrer\u00e1 a concentra\u00e7\u00e3o. A presen\u00e7a de lideran\u00e7as pol\u00edticas da Bahia, em Conquista, refor\u00e7a a tese da real possibilidade da unidade das oposi\u00e7\u00f5es visando as elei\u00e7\u00f5es de 2018. \u201cVit\u00f3ria da Conquista comandou por quase 30 anos as oposi\u00e7\u00f5es na Bahia. Agora exerce outro papel hist\u00f3rico, \u2013 o de unir as oposi\u00e7\u00f5es visando a retomada da Bahia do PT que arruinou o Brasil e quebrou a Estado\u201d, disse Herzem Gusm\u00e3o. Blog da Resenha Geral<\/p>\n","protected":false},"excerpt":{"rendered":"<p>Na manh\u00e3 deste s\u00e1bado (15), o candidato a prefeito de Vit\u00f3ria da Conquista, Herzem Gusm\u00e3o (PMDB), que venceu o 1\u00ba turno das elei\u00e7\u00f5es, receber\u00e1 no aeroporto Pedro Otac\u00edlio de Figueiredo, \u00e0s 9:30 horas, o ministro Geddel Vieira Lima (Secretaria de Governo), e o prefeito de Salvador, ACM Neto (DEM) e ainda deputados, prefeitos e lideran\u00e7as da regi\u00e3o Sudoeste \u2013 para um evento pol\u00edtico que acontecer\u00e1 por volta das 12 horas no Espa\u00e7o Rafik, localizado na Av. Vivaldo Mendes, nas proximidades da Pra\u00e7a do Gil. Do aeroporto a comitiva sair\u00e1 em carreta at\u00e9 o local onde ocorrer\u00e1 a concentra\u00e7\u00e3o. A presen\u00e7a&#8230;<\/p>\n","protected":false},"author":2,"featured_media":0,"comment_status":"open","ping_status":"open","sticky":false,"template":"","format":"standard","meta":{"footnotes":"","_links_to":"","_links_to_target":""},"categories":[6],"tags":[],"class_list":["post-77457","post","type-post","status-publish","format-standard","hentry","category-noticias"],"acf":[],"views":490,"_links":{"self":[{"href":"https:\/\/www.walcordeiro.com.br\/v1\/wp-json\/wp\/v2\/posts\/77457","targetHints":{"allow":["GET"]}}],"collection":[{"href":"https:\/\/www.walcordeiro.com.br\/v1\/wp-json\/wp\/v2\/posts"}],"about":[{"href":"https:\/\/www.walcordeiro.com.br\/v1\/wp-json\/wp\/v2\/types\/post"}],"author":[{"embeddable":true,"href":"https:\/\/www.walcordeiro.com.br\/v1\/wp-json\/wp\/v2\/users\/2"}],"replies":[{"embeddable":true,"href":"https:\/\/www.walcordeiro.com.br\/v1\/wp-json\/wp\/v2\/comments?post=77457"}],"version-history":[{"count":1,"href":"https:\/\/www.walcordeiro.com.br\/v1\/wp-json\/wp\/v2\/posts\/77457\/revisions"}],"predecessor-version":[{"id":77458,"href":"https:\/\/www.walcordeiro.com.br\/v1\/wp-json\/wp\/v2\/posts\/77457\/revisions\/77458"}],"wp:attachment":[{"href":"https:\/\/www.walcordeiro.com.br\/v1\/wp-json\/wp\/v2\/media?parent=77457"}],"wp:term":[{"taxonomy":"category","embeddable":true,"href":"https:\/\/www.walcordeiro.com.br\/v1\/wp-json\/wp\/v2\/categories?post=77457"},{"taxonomy":"post_tag","embeddable":true,"href":"https:\/\/www.walcordeiro.com.br\/v1\/wp-json\/wp\/v2\/tags?post=77457"}],"curies":[{"name":"wp","href":"https:\/\/api.w.org\/{rel}","templated":true}]}}