{"id":77204,"date":"2016-10-05T07:41:51","date_gmt":"2016-10-05T10:41:51","guid":{"rendered":"http:\/\/www.walcordeiro.com.br\/v1\/?p=77204"},"modified":"2016-10-05T07:41:51","modified_gmt":"2016-10-05T10:41:51","slug":"fmi-mantem-previsao-de-queda-do-pib-para-este-ano-e-aumento-em-2017","status":"publish","type":"post","link":"https:\/\/www.walcordeiro.com.br\/v1\/2016\/10\/05\/fmi-mantem-previsao-de-queda-do-pib-para-este-ano-e-aumento-em-2017\/","title":{"rendered":"FMI mant\u00e9m previs\u00e3o de queda do PIB para este ano e aumento em 2017"},"content":{"rendered":"<div class=\"text-center\">\n<div class=\"box-img\"><img decoding=\"async\" class=\"img-center img-responsive\" src=\"http:\/\/imagem.bahianoticias.com.br\/fotos\/principal_noticias\/197170\/IMAGEM_NOTICIA_5.jpg?checksum=1475606417\" alt=\"FMI mant\u00e9m previs\u00e3o de queda do PIB para este ano e aumento em 2017\" \/><\/p>\n<div class=\"img-legenda\">Foto: Marcos Santos\/ USP Imagens<\/div>\n<div class=\"img-legenda\"><\/div>\n<\/div>\n<\/div>\n<div class=\"text-descricao\">Em relat\u00f3rio divulgado nesta ter\u00e7a-feira (4), o Fundo Monet\u00e1rio Internacional manteve a sua previs\u00e3o quanto ao Produto Interno Bruto (PIB) brasileiro em 2016 e 2017. A expectativa para este ano segue de retra\u00e7\u00e3o de 3,3%, enquanto para o ano que vem a proje\u00e7\u00e3o \u00e9 de alta de 0,5%. &#8220;Na Am\u00e9rica Latina, a economia do Brasil permanece em recess\u00e3o, mas a atividade parece estar perto &#8216;da virada&#8217;, \u00e0 medida que os efeitos dos choque passados- o decl\u00ednio nos pre\u00e7os das commodities, os ajustes dos pre\u00e7os administrados de 2015 e a incerteza pol\u00edtica- se dissipam&#8221;, explica o relat\u00f3rio. Em julho deste ano, o FMI melhorou pela primeira vez a previs\u00e3o do PBI do Brasil ap\u00f3s cinco revis\u00f5es negativas consecutivas. At\u00e9 abril, a expectativa era de queda de 3,8% em 2016. o \u00f3rg\u00e3o projeta crescimento de 3,1% da economia mundial para este ano e 3,4% em 2017.<\/div>\n","protected":false},"excerpt":{"rendered":"<p>Foto: Marcos Santos\/ USP Imagens Em relat\u00f3rio divulgado nesta ter\u00e7a-feira (4), o Fundo Monet\u00e1rio Internacional manteve a sua previs\u00e3o quanto ao Produto Interno Bruto (PIB) brasileiro em 2016 e 2017. A expectativa para este ano segue de retra\u00e7\u00e3o de 3,3%, enquanto para o ano que vem a proje\u00e7\u00e3o \u00e9 de alta de 0,5%. &#8220;Na Am\u00e9rica Latina, a economia do Brasil permanece em recess\u00e3o, mas a atividade parece estar perto &#8216;da virada&#8217;, \u00e0 medida que os efeitos dos choque passados- o decl\u00ednio nos pre\u00e7os das commodities, os ajustes dos pre\u00e7os administrados de 2015 e a incerteza pol\u00edtica- se dissipam&#8221;, explica o&#8230;<\/p>\n","protected":false},"author":2,"featured_media":0,"comment_status":"open","ping_status":"open","sticky":false,"template":"","format":"standard","meta":{"footnotes":"","_links_to":"","_links_to_target":""},"categories":[6],"tags":[],"class_list":["post-77204","post","type-post","status-publish","format-standard","hentry","category-noticias"],"acf":[],"views":444,"_links":{"self":[{"href":"https:\/\/www.walcordeiro.com.br\/v1\/wp-json\/wp\/v2\/posts\/77204","targetHints":{"allow":["GET"]}}],"collection":[{"href":"https:\/\/www.walcordeiro.com.br\/v1\/wp-json\/wp\/v2\/posts"}],"about":[{"href":"https:\/\/www.walcordeiro.com.br\/v1\/wp-json\/wp\/v2\/types\/post"}],"author":[{"embeddable":true,"href":"https:\/\/www.walcordeiro.com.br\/v1\/wp-json\/wp\/v2\/users\/2"}],"replies":[{"embeddable":true,"href":"https:\/\/www.walcordeiro.com.br\/v1\/wp-json\/wp\/v2\/comments?post=77204"}],"version-history":[{"count":1,"href":"https:\/\/www.walcordeiro.com.br\/v1\/wp-json\/wp\/v2\/posts\/77204\/revisions"}],"predecessor-version":[{"id":77205,"href":"https:\/\/www.walcordeiro.com.br\/v1\/wp-json\/wp\/v2\/posts\/77204\/revisions\/77205"}],"wp:attachment":[{"href":"https:\/\/www.walcordeiro.com.br\/v1\/wp-json\/wp\/v2\/media?parent=77204"}],"wp:term":[{"taxonomy":"category","embeddable":true,"href":"https:\/\/www.walcordeiro.com.br\/v1\/wp-json\/wp\/v2\/categories?post=77204"},{"taxonomy":"post_tag","embeddable":true,"href":"https:\/\/www.walcordeiro.com.br\/v1\/wp-json\/wp\/v2\/tags?post=77204"}],"curies":[{"name":"wp","href":"https:\/\/api.w.org\/{rel}","templated":true}]}}