{"id":7697,"date":"2010-04-27T09:32:45","date_gmt":"2010-04-27T12:32:45","guid":{"rendered":"http:\/\/www.walcordeiro.com.br\/v1\/?p=7697"},"modified":"2010-04-27T09:32:45","modified_gmt":"2010-04-27T12:32:45","slug":"eleicoes-para-reitor-da-uesb","status":"publish","type":"post","link":"https:\/\/www.walcordeiro.com.br\/v1\/2010\/04\/27\/eleicoes-para-reitor-da-uesb\/","title":{"rendered":"Elei\u00e7\u00f5es para reitor da UESB"},"content":{"rendered":"<p><strong>Por Di\u00eago Gomes<\/strong><\/p>\n<p><img loading=\"lazy\" decoding=\"async\" src=\"http:\/\/businessinteligente.zip.net\/images\/I_EBFIS_Logotipo_UESB.jpg\" alt=\"\" width=\"288\" height=\"299\" \/>As chapas que pretendem disputar as elei\u00e7\u00f5es de reitor e vice reitor da Universidade Estadual do Sudoeste da Bahia (UESB) tem entre os dias 28 e 29 de abril para fazer as inscri\u00e7\u00f5es e concorrer a disputa que acontecer\u00e1 em maio.<\/p>\n<p>De acordo com o edital os candidatos devem: integrar o quadro efetivo dos docentes da UESB, estar enquadrado nas tr\u00eas classes mais elevadas da carreira (adjunto, titular ou pleno), ou contar com 5 (cinco) anos de tempo de servi\u00e7o na Institui\u00e7\u00e3o; levar assinada por todos os candidatos indicados na chapa, a proposta de trabalho e de que conhecem e aceitam as condi\u00e7\u00f5es das elei\u00e7\u00f5es estabelecidas no Regulamento Eleitoral.<\/p>\n<p><strong><a href=\"http:\/\/www.uesb.br\/editais\/2010\/04\/edital-eleicao.pdf\">Clique aqui<\/a><\/strong> e veja o edital.<\/p>\n<p>Tribna da Conquista<\/p>\n","protected":false},"excerpt":{"rendered":"<p>Por Di\u00eago Gomes As chapas que pretendem disputar as elei\u00e7\u00f5es de reitor e vice reitor da Universidade Estadual do Sudoeste da Bahia (UESB) tem entre os dias 28 e 29 de abril para fazer as inscri\u00e7\u00f5es e concorrer a disputa que acontecer\u00e1 em maio. De acordo com o edital os candidatos devem: integrar o quadro efetivo dos docentes da UESB, estar enquadrado nas tr\u00eas classes mais elevadas da carreira (adjunto, titular ou pleno), ou contar com 5 (cinco) anos de tempo de servi\u00e7o na Institui\u00e7\u00e3o; levar assinada por todos os candidatos indicados na chapa, a proposta de trabalho e de&#8230;<\/p>\n","protected":false},"author":2,"featured_media":0,"comment_status":"open","ping_status":"open","sticky":false,"template":"","format":"standard","meta":{"footnotes":"","_links_to":"","_links_to_target":""},"categories":[6],"tags":[3498,1026],"class_list":["post-7697","post","type-post","status-publish","format-standard","hentry","category-noticias","tag-eleicoes-uesb","tag-reitor"],"acf":[],"views":550,"_links":{"self":[{"href":"https:\/\/www.walcordeiro.com.br\/v1\/wp-json\/wp\/v2\/posts\/7697","targetHints":{"allow":["GET"]}}],"collection":[{"href":"https:\/\/www.walcordeiro.com.br\/v1\/wp-json\/wp\/v2\/posts"}],"about":[{"href":"https:\/\/www.walcordeiro.com.br\/v1\/wp-json\/wp\/v2\/types\/post"}],"author":[{"embeddable":true,"href":"https:\/\/www.walcordeiro.com.br\/v1\/wp-json\/wp\/v2\/users\/2"}],"replies":[{"embeddable":true,"href":"https:\/\/www.walcordeiro.com.br\/v1\/wp-json\/wp\/v2\/comments?post=7697"}],"version-history":[{"count":1,"href":"https:\/\/www.walcordeiro.com.br\/v1\/wp-json\/wp\/v2\/posts\/7697\/revisions"}],"predecessor-version":[{"id":7698,"href":"https:\/\/www.walcordeiro.com.br\/v1\/wp-json\/wp\/v2\/posts\/7697\/revisions\/7698"}],"wp:attachment":[{"href":"https:\/\/www.walcordeiro.com.br\/v1\/wp-json\/wp\/v2\/media?parent=7697"}],"wp:term":[{"taxonomy":"category","embeddable":true,"href":"https:\/\/www.walcordeiro.com.br\/v1\/wp-json\/wp\/v2\/categories?post=7697"},{"taxonomy":"post_tag","embeddable":true,"href":"https:\/\/www.walcordeiro.com.br\/v1\/wp-json\/wp\/v2\/tags?post=7697"}],"curies":[{"name":"wp","href":"https:\/\/api.w.org\/{rel}","templated":true}]}}