{"id":76807,"date":"2016-09-17T15:24:49","date_gmt":"2016-09-17T18:24:49","guid":{"rendered":"http:\/\/www.walcordeiro.com.br\/v1\/?p=76807"},"modified":"2016-09-17T15:24:49","modified_gmt":"2016-09-17T18:24:49","slug":"tse-deve-julgar-chapa-dilma-temer-em-2017","status":"publish","type":"post","link":"https:\/\/www.walcordeiro.com.br\/v1\/2016\/09\/17\/tse-deve-julgar-chapa-dilma-temer-em-2017\/","title":{"rendered":"TSE deve julgar chapa Dilma-Temer em 2017"},"content":{"rendered":"<p class=\"credito_imagem\">Foto: Divulga\u00e7\u00e3o<\/p>\n<p><img loading=\"lazy\" decoding=\"async\" class=\"\" src=\"http:\/\/www.politicalivre.com.br\/wp-content\/thumbgen_cache\/98b34fca1f5c84b0cbc18f6680df85cc.jpg\" alt=\"\" width=\"443\" height=\"240\" \/><\/p>\n<p class=\"legenda_imagem\">Ex-presidente Dilma Rousseff e o presidente Michel Temer<\/p>\n<p>O julgamento da a\u00e7\u00e3o que pede a cassa\u00e7\u00e3o da chapa de Dilma Rousseff e Michel Temer, eleita na disputa presidencial de 2014, deve ocorrer apenas em 2017, disse ontem no Rio o presidente do Tribunal Superior Eleitoral (TSE), ministro Gilmar Mendes. Caso a corte eleitoral decida pela condena\u00e7\u00e3o, a Constitui\u00e7\u00e3o prev\u00ea a realiza\u00e7\u00e3o de elei\u00e7\u00e3o indireta \u00e0 sucess\u00e3o de Temer, que foi efetivado na Presid\u00eancia ap\u00f3s o impeachment de Dilma, no m\u00eas passado. O ministro evitou conjecturar se uma elei\u00e7\u00e3o indireta para presidente pelo Congresso Nacional n\u00e3o traria mais \u201cperturba\u00e7\u00e3o\u201d para o Pa\u00eds. \u201cN\u00e3o vou dar opini\u00e3o sobre esse quadro institucional. O Brasil voltou a um quadro de normalidade. Estamos respirando normalmente, tentando trazer o Pa\u00eds para o caminho da normalidade\u201d, disse. De acordo com Mendes, a data do julgamento depender\u00e1 da conclus\u00e3o da fase de instru\u00e7\u00e3o, em que dep\u00f5em as testemunhas de defesa e de acusa\u00e7\u00e3o. \u201cEu sei que o que preocupa \u00e9 que se houver um ju\u00edzo positivo de uma eventual cassa\u00e7\u00e3o ainda este ano, haveria elei\u00e7\u00f5es diretas. Do contr\u00e1rio, elei\u00e7\u00f5es indiretas, como determina a Constitui\u00e7\u00e3o. Mas o futuro a Deus pertence. Vamos aguardar\u201d, afirmou o ministro. Mendes classificou o processo como \u201cpeculiar\u201d. \u201cPrimeiro \u00e9 preciso julgar, para depois condenar. N\u00e3o sabemos tamb\u00e9m se haver\u00e1 condena\u00e7\u00e3o. Temos um processo todo peculiar porque a figura central (a ex-presidente Dilma Rousseff) saiu com o impeachment. Tudo isto d\u00e1 uma nova configura\u00e7\u00e3o ao processo, que ter\u00e1 de ser verificado\u201d, complementou. Fonte:\u00a0Estad\u00e3o Conte\u00fado<\/p>\n","protected":false},"excerpt":{"rendered":"<p>Foto: Divulga\u00e7\u00e3o Ex-presidente Dilma Rousseff e o presidente Michel Temer O julgamento da a\u00e7\u00e3o que pede a cassa\u00e7\u00e3o da chapa de Dilma Rousseff e Michel Temer, eleita na disputa presidencial de 2014, deve ocorrer apenas em 2017, disse ontem no Rio o presidente do Tribunal Superior Eleitoral (TSE), ministro Gilmar Mendes. Caso a corte eleitoral decida pela condena\u00e7\u00e3o, a Constitui\u00e7\u00e3o prev\u00ea a realiza\u00e7\u00e3o de elei\u00e7\u00e3o indireta \u00e0 sucess\u00e3o de Temer, que foi efetivado na Presid\u00eancia ap\u00f3s o impeachment de Dilma, no m\u00eas passado. O ministro evitou conjecturar se uma elei\u00e7\u00e3o indireta para presidente pelo Congresso Nacional n\u00e3o traria mais \u201cperturba\u00e7\u00e3o\u201d&#8230;<\/p>\n","protected":false},"author":2,"featured_media":0,"comment_status":"open","ping_status":"open","sticky":false,"template":"","format":"standard","meta":{"footnotes":"","_links_to":"","_links_to_target":""},"categories":[6],"tags":[],"class_list":["post-76807","post","type-post","status-publish","format-standard","hentry","category-noticias"],"acf":[],"views":577,"_links":{"self":[{"href":"https:\/\/www.walcordeiro.com.br\/v1\/wp-json\/wp\/v2\/posts\/76807","targetHints":{"allow":["GET"]}}],"collection":[{"href":"https:\/\/www.walcordeiro.com.br\/v1\/wp-json\/wp\/v2\/posts"}],"about":[{"href":"https:\/\/www.walcordeiro.com.br\/v1\/wp-json\/wp\/v2\/types\/post"}],"author":[{"embeddable":true,"href":"https:\/\/www.walcordeiro.com.br\/v1\/wp-json\/wp\/v2\/users\/2"}],"replies":[{"embeddable":true,"href":"https:\/\/www.walcordeiro.com.br\/v1\/wp-json\/wp\/v2\/comments?post=76807"}],"version-history":[{"count":1,"href":"https:\/\/www.walcordeiro.com.br\/v1\/wp-json\/wp\/v2\/posts\/76807\/revisions"}],"predecessor-version":[{"id":76808,"href":"https:\/\/www.walcordeiro.com.br\/v1\/wp-json\/wp\/v2\/posts\/76807\/revisions\/76808"}],"wp:attachment":[{"href":"https:\/\/www.walcordeiro.com.br\/v1\/wp-json\/wp\/v2\/media?parent=76807"}],"wp:term":[{"taxonomy":"category","embeddable":true,"href":"https:\/\/www.walcordeiro.com.br\/v1\/wp-json\/wp\/v2\/categories?post=76807"},{"taxonomy":"post_tag","embeddable":true,"href":"https:\/\/www.walcordeiro.com.br\/v1\/wp-json\/wp\/v2\/tags?post=76807"}],"curies":[{"name":"wp","href":"https:\/\/api.w.org\/{rel}","templated":true}]}}