{"id":76586,"date":"2016-09-06T14:22:40","date_gmt":"2016-09-06T17:22:40","guid":{"rendered":"http:\/\/www.walcordeiro.com.br\/v1\/?p=76586"},"modified":"2016-09-06T14:22:40","modified_gmt":"2016-09-06T17:22:40","slug":"psdb-diz-ser-contra-protelar-reforma-previdenciaria-e-entra-em-crise-com-temer","status":"publish","type":"post","link":"https:\/\/www.walcordeiro.com.br\/v1\/2016\/09\/06\/psdb-diz-ser-contra-protelar-reforma-previdenciaria-e-entra-em-crise-com-temer\/","title":{"rendered":"PSDB diz ser contra protelar reforma previdenci\u00e1ria e entra em crise com Temer"},"content":{"rendered":"<div class=\"box-title\">\n<p><strong><em>por Pedro Venceslau e Carla Ara\u00fajo | Estad\u00e3o Conte\u00fado<\/em><\/strong><\/p>\n<\/div>\n<div class=\"box-body\">\n<div class=\"text-center\">\n<div class=\"box-img\"><img decoding=\"async\" class=\"img-center img-responsive\" src=\"http:\/\/imagem.bahianoticias.com.br\/fotos\/estadao_noticias\/147124\/IMAGEM_NOTICIA_5.jpg?checksum=1473162745\" alt=\"PSDB diz ser contra protelar reforma previdenci\u00e1ria e entra em crise com Temer\" \/><\/p>\n<div class=\"img-legenda\">Foto: Valter Campanato \/ Ag\u00eancia Brasil<\/div>\n<div class=\"img-legenda\"><\/div>\n<\/div>\n<\/div>\n<div class=\"text-descricao\">A sinaliza\u00e7\u00e3o do presidente Michel Temer de que vai adiar o envio do projeto de reforma da Previd\u00eancia para depois das elei\u00e7\u00f5es municipais abriu uma nova crise na rela\u00e7\u00e3o do Pal\u00e1cio do Planalto com o PSDB, principal aliado do governo.\u00a0O partido, que ocupa a lideran\u00e7a do governo no Senado, n\u00e3o foi informado da inten\u00e7\u00e3o de Temer de procrastinar o processo. &#8220;Se optaram por enviar ap\u00f3s a elei\u00e7\u00e3o, paci\u00eancia. Eu preferia discutir esse assunto o mais r\u00e1pido poss\u00edvel&#8221;, disse o senador A\u00e9cio Neves (MG), presidente do PSDB, ap\u00f3s se reunir em S\u00e3o Paulo com o governador Geraldo Alckmin, que endossou a cobran\u00e7a.\u00a0&#8220;Para j\u00e1 ir amadurecendo e ganhando corpo eu acho que deveria mandar o quanto antes. Se deixar para o final do ano corre o risco de n\u00e3o votar em 2016&#8221;, completou o governador.\u00a0A\u00e9cio esteve em S\u00e3o Paulo para um encontro com Alckmin no Pal\u00e1cio dos Bandeirantes e outro com o ex-presidente Fernando Henrique Cardoso para tratar da rela\u00e7\u00e3o do governo com o partido.\u00a0Com a visita, o tucano cumpriu um ritual de consulta que, dessa vez, avaliza um recado ao governo: ou Temer assume o ajuste fiscal, ou o PSDB desembarca da base aliada. &#8220;O governo deve ter suas raz\u00f5es (para o adiamento), mas n\u00e3o pode sinalizar para a perda da prioridade do ajuste fiscal&#8221;, afirmou A\u00e9cio em conversa com jornalistas no Pal\u00e1cio dos Bandeirantes.\u00a0Respaldo. Ao escolher o local da reuni\u00e3o, o tucano tenta demonstrar que tem respaldo interno para pressionar Temer. A\u00e9cio disse, ainda, que &#8220;n\u00e3o foi bom&#8221; o governo ter decidido mudar o prazo do envio da reforma da Previd\u00eancia sem comunicar o partido.\u00a0Ao jornal O Estado de S. Paulo, o senador Aloysio Nunes (PSDB-SP), l\u00edder do governo no Senado, foi na mesma linha e tamb\u00e9m pediu pressa. &#8220;Tem que come\u00e7ar a divulgar o projeto para iniciar a batalha da opini\u00e3o p\u00fablica. Quanto antes isso for esclarecido melhor.&#8221;\u00a0Conforme revelaram na segunda-feira (5) a reportagem e a colunista do jornal O Estado de S. Paulo Vera Magalh\u00e3es, a base aliada de Temer pressiona para adiar o envio da proposta de reforma da Previd\u00eancia para depois das elei\u00e7\u00f5es para n\u00e3o prejudicar os candidatos aliados.\u00a0A proposta \u00e9 pol\u00eamica, pois prev\u00ea idade m\u00ednima de 65 anos para a aposentadoria.\u00a0Em um jantar com l\u00edderes da base aliada na semana passada, Temer avisou que pretende apresentar a reforma provavelmente at\u00e9 o fim deste m\u00eas. Aliados do Centr\u00e3o e da antiga oposi\u00e7\u00e3o &#8211; os dois blocos de sustenta\u00e7\u00e3o governista &#8211; reclamam que a apresenta\u00e7\u00e3o do texto coincidiria com o auge das campanhas municipais &#8211; o primeiro turno ser\u00e1 no dia 2 de outubro. O projeto seria entregue a um Congresso praticamente vazio.\u00a0Segunda-feira, em Bras\u00edlia, o ministro da Secretaria de Governo, Geddel Vieira Lima, minimizou a press\u00e3o.&#8221;N\u00e3o teria como aprovar antes. O envio do texto dez dias antes ou dez dias depois n\u00e3o faz diferen\u00e7a&#8221;.\u00a0A\u00e9cio, por sua vez, pensa que Temer precisa dar &#8220;sinais mais claros&#8221;. &#8220;Se n\u00e3o enviar hoje, ent\u00e3o quando ser\u00e1?&#8221;, questionou.\u00a0Em viagem \u00e0 China, onde participou de encontro do G-20, o ministro da Fazenda, Henrique Meirelles, evitou falar em prazos e afirmou que o projeto ser\u00e1 encaminhado quando estiver pronto. &#8220;\u00c9 uma coisa que ter\u00e1 efeito por d\u00e9cadas&#8221;, disse o ministro, ressaltando que &#8220;um ou dois meses&#8221; n\u00e3o far\u00e3o diferen\u00e7a.\u00a0Auxiliares de Temer garantem que o cronograma n\u00e3o ser\u00e1 afetado se o projeto for apresentado duas ou tr\u00eas semanas depois do previsto. Temer espera, por\u00e9m, que o adiamento seja &#8220;compensado&#8221; com um esfor\u00e7o concentrado ap\u00f3s a elei\u00e7\u00e3o.<\/div>\n<\/div>\n","protected":false},"excerpt":{"rendered":"<p>por Pedro Venceslau e Carla Ara\u00fajo | Estad\u00e3o Conte\u00fado Foto: Valter Campanato \/ Ag\u00eancia Brasil A sinaliza\u00e7\u00e3o do presidente Michel Temer de que vai adiar o envio do projeto de reforma da Previd\u00eancia para depois das elei\u00e7\u00f5es municipais abriu uma nova crise na rela\u00e7\u00e3o do Pal\u00e1cio do Planalto com o PSDB, principal aliado do governo.\u00a0O partido, que ocupa a lideran\u00e7a do governo no Senado, n\u00e3o foi informado da inten\u00e7\u00e3o de Temer de procrastinar o processo. &#8220;Se optaram por enviar ap\u00f3s a elei\u00e7\u00e3o, paci\u00eancia. Eu preferia discutir esse assunto o mais r\u00e1pido poss\u00edvel&#8221;, disse o senador A\u00e9cio Neves (MG), presidente do&#8230;<\/p>\n","protected":false},"author":2,"featured_media":0,"comment_status":"open","ping_status":"open","sticky":false,"template":"","format":"standard","meta":{"footnotes":"","_links_to":"","_links_to_target":""},"categories":[6],"tags":[],"class_list":["post-76586","post","type-post","status-publish","format-standard","hentry","category-noticias"],"acf":[],"views":543,"_links":{"self":[{"href":"https:\/\/www.walcordeiro.com.br\/v1\/wp-json\/wp\/v2\/posts\/76586","targetHints":{"allow":["GET"]}}],"collection":[{"href":"https:\/\/www.walcordeiro.com.br\/v1\/wp-json\/wp\/v2\/posts"}],"about":[{"href":"https:\/\/www.walcordeiro.com.br\/v1\/wp-json\/wp\/v2\/types\/post"}],"author":[{"embeddable":true,"href":"https:\/\/www.walcordeiro.com.br\/v1\/wp-json\/wp\/v2\/users\/2"}],"replies":[{"embeddable":true,"href":"https:\/\/www.walcordeiro.com.br\/v1\/wp-json\/wp\/v2\/comments?post=76586"}],"version-history":[{"count":1,"href":"https:\/\/www.walcordeiro.com.br\/v1\/wp-json\/wp\/v2\/posts\/76586\/revisions"}],"predecessor-version":[{"id":76587,"href":"https:\/\/www.walcordeiro.com.br\/v1\/wp-json\/wp\/v2\/posts\/76586\/revisions\/76587"}],"wp:attachment":[{"href":"https:\/\/www.walcordeiro.com.br\/v1\/wp-json\/wp\/v2\/media?parent=76586"}],"wp:term":[{"taxonomy":"category","embeddable":true,"href":"https:\/\/www.walcordeiro.com.br\/v1\/wp-json\/wp\/v2\/categories?post=76586"},{"taxonomy":"post_tag","embeddable":true,"href":"https:\/\/www.walcordeiro.com.br\/v1\/wp-json\/wp\/v2\/tags?post=76586"}],"curies":[{"name":"wp","href":"https:\/\/api.w.org\/{rel}","templated":true}]}}