{"id":75520,"date":"2016-07-22T08:35:11","date_gmt":"2016-07-22T11:35:11","guid":{"rendered":"http:\/\/www.walcordeiro.com.br\/v1\/?p=75520"},"modified":"2016-07-22T08:35:11","modified_gmt":"2016-07-22T11:35:11","slug":"unicef-denuncia-assassinato-de-criancas-na-siria","status":"publish","type":"post","link":"https:\/\/www.walcordeiro.com.br\/v1\/2016\/07\/22\/unicef-denuncia-assassinato-de-criancas-na-siria\/","title":{"rendered":"Unicef denuncia assassinato de crian\u00e7as na S\u00edria"},"content":{"rendered":"<p>O Fundo das Na\u00e7\u00f5es Unidas para a Inf\u00e2ncia (Unicef) denunciou que mais de 20 crian\u00e7as morreram ao longo desta semana em ataques a\u00e9reos em Manbij, no norte da S\u00edria. A cidade e seus arredores, que abrigam 150 mil pessoas, s\u00e3o controlados pelo grupo Estado Isl\u00e2mico (EI), mas est\u00e3o sob intenso ass\u00e9dio de for\u00e7as curdas, apoiadas pela coaliz\u00e3o internacional liderada pelos Estados Unidos. \u201cNesta semana, mais de 20 crian\u00e7as foram assassinadas em ataques a\u00e9reos em Manbij, e um garoto de 12 anos foi brutalmente morto em Aleppo\u201d, declarou Hanas Singer, representante do Unicef no pa\u00eds \u00e1rabe. Segundo o \u00f3rg\u00e3o, 35 mil crian\u00e7as est\u00e3o presas na regi\u00e3o sitiada. \u201cEsses terr\u00edveis epis\u00f3dios deixam ainda mais claro \u00e0s partes em conflito sua responsabilidade de respeitar as leis internacionais humanit\u00e1rias que protegem as crian\u00e7as na guerra\u201d, acrescentou Singer. Manbij \u00e9 considerada crucial na guerra contra o Estado Isl\u00e2mico porque fica a cerca de 130 quil\u00f4metros de Raqqa, tida como a capital do grupo na S\u00edria. Fonte:\u00a0Ag\u00eancia Brasil<\/p>\n","protected":false},"excerpt":{"rendered":"<p>O Fundo das Na\u00e7\u00f5es Unidas para a Inf\u00e2ncia (Unicef) denunciou que mais de 20 crian\u00e7as morreram ao longo desta semana em ataques a\u00e9reos em Manbij, no norte da S\u00edria. A cidade e seus arredores, que abrigam 150 mil pessoas, s\u00e3o controlados pelo grupo Estado Isl\u00e2mico (EI), mas est\u00e3o sob intenso ass\u00e9dio de for\u00e7as curdas, apoiadas pela coaliz\u00e3o internacional liderada pelos Estados Unidos. \u201cNesta semana, mais de 20 crian\u00e7as foram assassinadas em ataques a\u00e9reos em Manbij, e um garoto de 12 anos foi brutalmente morto em Aleppo\u201d, declarou Hanas Singer, representante do Unicef no pa\u00eds \u00e1rabe. Segundo o \u00f3rg\u00e3o, 35 mil&#8230;<\/p>\n","protected":false},"author":2,"featured_media":0,"comment_status":"open","ping_status":"open","sticky":false,"template":"","format":"standard","meta":{"footnotes":"","_links_to":"","_links_to_target":""},"categories":[6],"tags":[],"class_list":["post-75520","post","type-post","status-publish","format-standard","hentry","category-noticias"],"acf":[],"views":489,"_links":{"self":[{"href":"https:\/\/www.walcordeiro.com.br\/v1\/wp-json\/wp\/v2\/posts\/75520","targetHints":{"allow":["GET"]}}],"collection":[{"href":"https:\/\/www.walcordeiro.com.br\/v1\/wp-json\/wp\/v2\/posts"}],"about":[{"href":"https:\/\/www.walcordeiro.com.br\/v1\/wp-json\/wp\/v2\/types\/post"}],"author":[{"embeddable":true,"href":"https:\/\/www.walcordeiro.com.br\/v1\/wp-json\/wp\/v2\/users\/2"}],"replies":[{"embeddable":true,"href":"https:\/\/www.walcordeiro.com.br\/v1\/wp-json\/wp\/v2\/comments?post=75520"}],"version-history":[{"count":1,"href":"https:\/\/www.walcordeiro.com.br\/v1\/wp-json\/wp\/v2\/posts\/75520\/revisions"}],"predecessor-version":[{"id":75521,"href":"https:\/\/www.walcordeiro.com.br\/v1\/wp-json\/wp\/v2\/posts\/75520\/revisions\/75521"}],"wp:attachment":[{"href":"https:\/\/www.walcordeiro.com.br\/v1\/wp-json\/wp\/v2\/media?parent=75520"}],"wp:term":[{"taxonomy":"category","embeddable":true,"href":"https:\/\/www.walcordeiro.com.br\/v1\/wp-json\/wp\/v2\/categories?post=75520"},{"taxonomy":"post_tag","embeddable":true,"href":"https:\/\/www.walcordeiro.com.br\/v1\/wp-json\/wp\/v2\/tags?post=75520"}],"curies":[{"name":"wp","href":"https:\/\/api.w.org\/{rel}","templated":true}]}}