{"id":74550,"date":"2016-06-10T08:45:43","date_gmt":"2016-06-10T11:45:43","guid":{"rendered":"http:\/\/www.walcordeiro.com.br\/v1\/?p=74550"},"modified":"2016-06-10T08:45:43","modified_gmt":"2016-06-10T11:45:43","slug":"artista-nu-que-derramou-sangue-em-cruz-cometeu-crime-diz-oab","status":"publish","type":"post","link":"https:\/\/www.walcordeiro.com.br\/v1\/2016\/06\/10\/artista-nu-que-derramou-sangue-em-cruz-cometeu-crime-diz-oab\/","title":{"rendered":"Artista nu que derramou sangue em cruz cometeu crime, diz OAB"},"content":{"rendered":"<div class=\"thumb\"><img decoding=\"async\" title=\"Artista nu que derramou sangue em cruz cometeu crime\" src=\"https:\/\/images.gospelprime.com.br\/SwxNJUzl12o9McCNN2YZairxez4=\/250x0\/smart\/filters:strip_icc()\/noticias.gospelprime.com.br\/files\/2016\/05\/cristo-com-sangue.jpg\" alt=\"Artista nu que derramou sangue em cruz cometeu crime, diz OAB\" width=\"250px\" height=\"\" \/><\/div>\n<div class=\"thumb\">Artista nu que derramou sangue em cruz cometeu crime<\/div>\n<div><\/div>\n<p>A Ordem dos Advogados do Brasil do Cear\u00e1 (OAB-CE) entrou com uma representa\u00e7\u00e3o no Minist\u00e9rio P\u00fablico solicitando investiga\u00e7\u00e3o da pe\u00e7a \u201cHist\u00f3rias Compartilhadas\u201d. Apresentada por Ari Areia na Universidade Federal do Cear\u00e1 (UFC), no \u00faltimo m\u00eas de maio, causou muito debate por que o <a title=\"\" href=\"https:\/\/noticias.gospelprime.com.br\/peca-teatral-pro-lgbt-joga-sangue-sobre-crucifixo\/\">ator estava seminu e derramou o pr\u00f3prio sangue sobre imagens de Jesus\u00a0 Cristo<\/a>.<\/p>\n<p>Em nota divulgada \u00e0 imprensa, a OAB ressalta que preza pelo pluralismo de ideias e pela liberdade de express\u00e3o, mas repudia o que considera \u201cexcesso\u201d.<\/p>\n<p>Na verdade, Areia pode ter sua conduta considerada crime, previsto no Artigo 208 do C\u00f3digo Penal: vilipendiar publicamente ato ou objeto de culto religioso, como afirma a nota. Critica ainda a UFC: \u201cA universidade como ambiente de nascedouro, prolifera\u00e7\u00e3o e discuss\u00e3o de ideias, pode e deve apoiar todos e qualquer debate, mas dentro dos limites estabelecidos na legisla\u00e7\u00e3o brasileira\u201d.<\/p>\n<p>A performance foi apresentada durante o 1\u00ba Semin\u00e1rio Conversas Empoderadas e Despudoradas sobre G\u00eanero, Sexualidade e Subjetividades. A divulga\u00e7\u00e3o das imagens na internet gerou uma onda de cr\u00edticas.<\/p>\n<p>Ari se defende, afirmando que o ato art\u00edstico visa refletir \u201ca vida do transsexual na sociedade\u201d. Para ele, n\u00e3o se trata de uma afronta \u00e0 religi\u00e3o, sendo, na verdade, a maneira que encontrou para revelar o que considera a incompreens\u00e3o da sociedade ao g\u00eanero. Pela internet, disse que seus cr\u00edticos s\u00e3o homof\u00f3bicos.<!--more--><\/p>\n<p>\u201cGostaria de explicar que esse espet\u00e1culo n\u00e3o foi constru\u00eddo com recurso p\u00fablico federal, estadual ou municipal. Gostaria tamb\u00e9m de repudiar toda sorte de intimida\u00e7\u00f5es a mim direcionadas e dizer que n\u00e3o nos curvaremos diante disto, continuaremos com nosso trabalho e milit\u00e2ncia dentro e fora dos palcos\u201d, disse o ator.<\/p>\n<p>A administra\u00e7\u00e3o superior da UFC, nega que exista \u201cqualquer conota\u00e7\u00e3o desrespeitosa e muito menos criminosa\u201d. Tamb\u00e9m em nota, afirma: \u201cA UFC continuar\u00e1 defendendo o profundo respeito \u00e0s manifesta\u00e7\u00f5es e aos s\u00edmbolos religiosos dentro e fora da Universidade e jamais admitiria o contr\u00e1rio\u201d.<em>Com informa\u00e7\u00f5es <a class=\"external\" title=\"\" href=\"http:\/\/tribunadoceara.uol.com.br\/diversao\/teatro\/ari-areia-excedeu-o-direito-de-liberdade-de-expressao-diz-oab-ce\/\" target=\"_blank\" rel=\"nofollow\">Tribuna do Cear\u00e1<\/a><\/em><\/p>\n","protected":false},"excerpt":{"rendered":"<p>Artista nu que derramou sangue em cruz cometeu crime A Ordem dos Advogados do Brasil do Cear\u00e1 (OAB-CE) entrou com uma representa\u00e7\u00e3o no Minist\u00e9rio P\u00fablico solicitando investiga\u00e7\u00e3o da pe\u00e7a \u201cHist\u00f3rias Compartilhadas\u201d. Apresentada por Ari Areia na Universidade Federal do Cear\u00e1 (UFC), no \u00faltimo m\u00eas de maio, causou muito debate por que o ator estava seminu e derramou o pr\u00f3prio sangue sobre imagens de Jesus\u00a0 Cristo. Em nota divulgada \u00e0 imprensa, a OAB ressalta que preza pelo pluralismo de ideias e pela liberdade de express\u00e3o, mas repudia o que considera \u201cexcesso\u201d. Na verdade, Areia pode ter sua conduta considerada crime, previsto&#8230;<\/p>\n","protected":false},"author":2,"featured_media":0,"comment_status":"open","ping_status":"open","sticky":false,"template":"","format":"standard","meta":{"footnotes":"","_links_to":"","_links_to_target":""},"categories":[6],"tags":[],"class_list":["post-74550","post","type-post","status-publish","format-standard","hentry","category-noticias"],"acf":[],"views":521,"_links":{"self":[{"href":"https:\/\/www.walcordeiro.com.br\/v1\/wp-json\/wp\/v2\/posts\/74550","targetHints":{"allow":["GET"]}}],"collection":[{"href":"https:\/\/www.walcordeiro.com.br\/v1\/wp-json\/wp\/v2\/posts"}],"about":[{"href":"https:\/\/www.walcordeiro.com.br\/v1\/wp-json\/wp\/v2\/types\/post"}],"author":[{"embeddable":true,"href":"https:\/\/www.walcordeiro.com.br\/v1\/wp-json\/wp\/v2\/users\/2"}],"replies":[{"embeddable":true,"href":"https:\/\/www.walcordeiro.com.br\/v1\/wp-json\/wp\/v2\/comments?post=74550"}],"version-history":[{"count":1,"href":"https:\/\/www.walcordeiro.com.br\/v1\/wp-json\/wp\/v2\/posts\/74550\/revisions"}],"predecessor-version":[{"id":74551,"href":"https:\/\/www.walcordeiro.com.br\/v1\/wp-json\/wp\/v2\/posts\/74550\/revisions\/74551"}],"wp:attachment":[{"href":"https:\/\/www.walcordeiro.com.br\/v1\/wp-json\/wp\/v2\/media?parent=74550"}],"wp:term":[{"taxonomy":"category","embeddable":true,"href":"https:\/\/www.walcordeiro.com.br\/v1\/wp-json\/wp\/v2\/categories?post=74550"},{"taxonomy":"post_tag","embeddable":true,"href":"https:\/\/www.walcordeiro.com.br\/v1\/wp-json\/wp\/v2\/tags?post=74550"}],"curies":[{"name":"wp","href":"https:\/\/api.w.org\/{rel}","templated":true}]}}