{"id":74121,"date":"2016-05-25T08:50:20","date_gmt":"2016-05-25T11:50:20","guid":{"rendered":"http:\/\/www.walcordeiro.com.br\/v1\/?p=74121"},"modified":"2016-05-25T08:50:20","modified_gmt":"2016-05-25T11:50:20","slug":"morre-dona-hermelinda-ferraz-aos-105-anos","status":"publish","type":"post","link":"https:\/\/www.walcordeiro.com.br\/v1\/2016\/05\/25\/morre-dona-hermelinda-ferraz-aos-105-anos\/","title":{"rendered":"Morre dona Hermelinda Ferraz, aos 105 anos"},"content":{"rendered":"<p><em><strong>por Mateus Novais\/Blog da Resenha<\/strong><\/em><\/p>\n<p><img loading=\"lazy\" decoding=\"async\" class=\"alignright size-full wp-image-239465\" src=\"http:\/\/static.blogdaresenhageral.com.br\/wp-content\/uploads\/2016\/04\/IMG_1922.jpg?188eb1\" alt=\"IMG_1922\" width=\"208\" height=\"297\" \/>Morreu na madrugada desta quarta-feira (25) uma das mais antigas moradoras de Vit\u00f3ria da Conquista: dona Hermelina Mendes Ferraz. Aos 105 anos, dona Tat\u00e1, como era carinhosamente conhecida, se destacava pela lucidez, apesar da idade avan\u00e7ada.<\/p>\n<p>No dia 21 de abril deste ano, quando comemorou os seus 105 anos, a comunidade da Assembleia de Deus, em Vit\u00f3ria da Conquista, realizar\u00e1 um culto em a\u00e7\u00e3o de gra\u00e7as. Na oportunidade, dona Tat\u00e1 declarou que era um \u201cmomento especial e de alegria\u201d e que o maior presente que podia receber era o \u201ccarinho de amigos e filhos, netos, bisnetos e tataranetos\u201d.<\/p>\n<p>O corpo est\u00e1 sendo velado no templo sede da Assembleia de Deus, situado \u00e1 Avenida Ilh\u00e9us, n\u00ba 2353, Bairro Brasil. O culto f\u00fanebre ser\u00e1 realizado \u00e0s 15 horas e o sepultamento ocorrer\u00e1 \u00e0s 16 horas.<\/p>\n","protected":false},"excerpt":{"rendered":"<p>por Mateus Novais\/Blog da Resenha Morreu na madrugada desta quarta-feira (25) uma das mais antigas moradoras de Vit\u00f3ria da Conquista: dona Hermelina Mendes Ferraz. Aos 105 anos, dona Tat\u00e1, como era carinhosamente conhecida, se destacava pela lucidez, apesar da idade avan\u00e7ada. No dia 21 de abril deste ano, quando comemorou os seus 105 anos, a comunidade da Assembleia de Deus, em Vit\u00f3ria da Conquista, realizar\u00e1 um culto em a\u00e7\u00e3o de gra\u00e7as. Na oportunidade, dona Tat\u00e1 declarou que era um \u201cmomento especial e de alegria\u201d e que o maior presente que podia receber era o \u201ccarinho de amigos e filhos, netos,&#8230;<\/p>\n","protected":false},"author":2,"featured_media":0,"comment_status":"open","ping_status":"open","sticky":false,"template":"","format":"standard","meta":{"footnotes":"","_links_to":"","_links_to_target":""},"categories":[6],"tags":[],"class_list":["post-74121","post","type-post","status-publish","format-standard","hentry","category-noticias"],"acf":[],"views":486,"_links":{"self":[{"href":"https:\/\/www.walcordeiro.com.br\/v1\/wp-json\/wp\/v2\/posts\/74121","targetHints":{"allow":["GET"]}}],"collection":[{"href":"https:\/\/www.walcordeiro.com.br\/v1\/wp-json\/wp\/v2\/posts"}],"about":[{"href":"https:\/\/www.walcordeiro.com.br\/v1\/wp-json\/wp\/v2\/types\/post"}],"author":[{"embeddable":true,"href":"https:\/\/www.walcordeiro.com.br\/v1\/wp-json\/wp\/v2\/users\/2"}],"replies":[{"embeddable":true,"href":"https:\/\/www.walcordeiro.com.br\/v1\/wp-json\/wp\/v2\/comments?post=74121"}],"version-history":[{"count":1,"href":"https:\/\/www.walcordeiro.com.br\/v1\/wp-json\/wp\/v2\/posts\/74121\/revisions"}],"predecessor-version":[{"id":74122,"href":"https:\/\/www.walcordeiro.com.br\/v1\/wp-json\/wp\/v2\/posts\/74121\/revisions\/74122"}],"wp:attachment":[{"href":"https:\/\/www.walcordeiro.com.br\/v1\/wp-json\/wp\/v2\/media?parent=74121"}],"wp:term":[{"taxonomy":"category","embeddable":true,"href":"https:\/\/www.walcordeiro.com.br\/v1\/wp-json\/wp\/v2\/categories?post=74121"},{"taxonomy":"post_tag","embeddable":true,"href":"https:\/\/www.walcordeiro.com.br\/v1\/wp-json\/wp\/v2\/tags?post=74121"}],"curies":[{"name":"wp","href":"https:\/\/api.w.org\/{rel}","templated":true}]}}