{"id":73854,"date":"2016-05-14T08:22:45","date_gmt":"2016-05-14T11:22:45","guid":{"rendered":"http:\/\/www.walcordeiro.com.br\/v1\/?p=73854"},"modified":"2016-05-14T08:22:45","modified_gmt":"2016-05-14T11:22:45","slug":"o-pac-do-governo-dilma-nao-concluira-aeroporto-em-vitoria-da-conquista","status":"publish","type":"post","link":"https:\/\/www.walcordeiro.com.br\/v1\/2016\/05\/14\/o-pac-do-governo-dilma-nao-concluira-aeroporto-em-vitoria-da-conquista\/","title":{"rendered":"O PAC do Governo Dilma n\u00e3o concluir\u00e1 aeroporto em Vit\u00f3ria da Conquista"},"content":{"rendered":"<p><a href=\"http:\/\/static.blogdaresenhageral.com.br\/wp-content\/uploads\/2016\/05\/AEROPORTO-CHARGE.jpg?73ce1a\"><img loading=\"lazy\" decoding=\"async\" class=\"alignright size-full wp-image-241401\" src=\"http:\/\/static.blogdaresenhageral.com.br\/wp-content\/uploads\/2016\/05\/AEROPORTO-CHARGE.jpg?73ce1a\" alt=\"AEROPORTO-CHARGE\" width=\"275\" height=\"183\" \/><\/a>A presidente Dilma Roussef (PT) anunciou medidas precipitadas \u00e0s v\u00e9speras do impeachment que poder\u00e1 ser definitivo na sua trajet\u00f3ria pol\u00edtica. Analistas e cientistas pol\u00edticos j\u00e1 afirmam que ela n\u00e3o retornar\u00e1 a presid\u00eancia do Brasil. O PAC dos governos do PT representa mais promessas de obras para o Brasil. O povo brasileiro reagiu as falsas promessa apoiando o impeachment.<\/p>\n<p>A not\u00edcia sobre as obras do Terminal de Passageiros do novo aeroporto de Vit\u00f3ria da Conquista que foram inclu\u00eddas no Programa de Acelera\u00e7\u00e3o do Crescimento (PAC) \u00e9 mais uma \u201cpegadinha\u201d do PT estadual e municipal. A verba, no valor de R$45 milh\u00f5es, que garante a realiza\u00e7\u00e3o do servi\u00e7o, foi divulgada no Di\u00e1rio Oficial da Uni\u00e3o, na quinta-feira (12) e segundo o deputado federal L\u00facio Vieira Lima (PMDB), que recebeu confirma\u00e7\u00e3o da SAC \u2013 Secretaria da Avia\u00e7\u00e3o Civil, que apenas R$ 25 milh\u00f5es foram empenhados em dezembro do ano passado.<\/p>\n<p>O projeto necessitar\u00e1, para ser conclu\u00eddo, de R$ 56 milh\u00f5es conforme o governador Rui Costa (PT) anunciou em sua \u00faltima visita as obras paralisadas do aeroporto de Conquista.<\/p>\n<p>Importante lembrar que o PT quebrou o Brasil e o Governo Dilma Roussef foi interrompido pelo impeachment. A retomada das obras depender\u00e1 agora, principalmente, do ministro Geddel Vieira Lima e do deputado federal L\u00facio Vieira Lima, ambos do PMDB no Governo Michel Temer. As informa\u00e7\u00f5es s\u00e3o do Blog da Resenha<\/p>\n","protected":false},"excerpt":{"rendered":"<p>A presidente Dilma Roussef (PT) anunciou medidas precipitadas \u00e0s v\u00e9speras do impeachment que poder\u00e1 ser definitivo na sua trajet\u00f3ria pol\u00edtica. Analistas e cientistas pol\u00edticos j\u00e1 afirmam que ela n\u00e3o retornar\u00e1 a presid\u00eancia do Brasil. O PAC dos governos do PT representa mais promessas de obras para o Brasil. O povo brasileiro reagiu as falsas promessa apoiando o impeachment. A not\u00edcia sobre as obras do Terminal de Passageiros do novo aeroporto de Vit\u00f3ria da Conquista que foram inclu\u00eddas no Programa de Acelera\u00e7\u00e3o do Crescimento (PAC) \u00e9 mais uma \u201cpegadinha\u201d do PT estadual e municipal. A verba, no valor de R$45 milh\u00f5es,&#8230;<\/p>\n","protected":false},"author":2,"featured_media":0,"comment_status":"open","ping_status":"open","sticky":false,"template":"","format":"standard","meta":{"footnotes":"","_links_to":"","_links_to_target":""},"categories":[6],"tags":[],"class_list":["post-73854","post","type-post","status-publish","format-standard","hentry","category-noticias"],"acf":[],"views":551,"_links":{"self":[{"href":"https:\/\/www.walcordeiro.com.br\/v1\/wp-json\/wp\/v2\/posts\/73854","targetHints":{"allow":["GET"]}}],"collection":[{"href":"https:\/\/www.walcordeiro.com.br\/v1\/wp-json\/wp\/v2\/posts"}],"about":[{"href":"https:\/\/www.walcordeiro.com.br\/v1\/wp-json\/wp\/v2\/types\/post"}],"author":[{"embeddable":true,"href":"https:\/\/www.walcordeiro.com.br\/v1\/wp-json\/wp\/v2\/users\/2"}],"replies":[{"embeddable":true,"href":"https:\/\/www.walcordeiro.com.br\/v1\/wp-json\/wp\/v2\/comments?post=73854"}],"version-history":[{"count":1,"href":"https:\/\/www.walcordeiro.com.br\/v1\/wp-json\/wp\/v2\/posts\/73854\/revisions"}],"predecessor-version":[{"id":73855,"href":"https:\/\/www.walcordeiro.com.br\/v1\/wp-json\/wp\/v2\/posts\/73854\/revisions\/73855"}],"wp:attachment":[{"href":"https:\/\/www.walcordeiro.com.br\/v1\/wp-json\/wp\/v2\/media?parent=73854"}],"wp:term":[{"taxonomy":"category","embeddable":true,"href":"https:\/\/www.walcordeiro.com.br\/v1\/wp-json\/wp\/v2\/categories?post=73854"},{"taxonomy":"post_tag","embeddable":true,"href":"https:\/\/www.walcordeiro.com.br\/v1\/wp-json\/wp\/v2\/tags?post=73854"}],"curies":[{"name":"wp","href":"https:\/\/api.w.org\/{rel}","templated":true}]}}