{"id":73455,"date":"2016-04-27T08:34:40","date_gmt":"2016-04-27T11:34:40","guid":{"rendered":"http:\/\/www.walcordeiro.com.br\/v1\/?p=73455"},"modified":"2016-04-27T08:34:40","modified_gmt":"2016-04-27T11:34:40","slug":"ministro-diz-que-vai-adiantar-recursos-da-pf-para-evitar-chantagens-politicas","status":"publish","type":"post","link":"https:\/\/www.walcordeiro.com.br\/v1\/2016\/04\/27\/ministro-diz-que-vai-adiantar-recursos-da-pf-para-evitar-chantagens-politicas\/","title":{"rendered":"Ministro diz que vai adiantar recursos da PF para evitar \u2018chantagens pol\u00edticas\u2019"},"content":{"rendered":"<p class=\"credito_imagem\">Foto: Divulga\u00e7\u00e3o<\/p>\n<p><img loading=\"lazy\" decoding=\"async\" class=\"\" src=\"http:\/\/politicalivre.com.br\/wp-content\/thumbgen_cache\/0e64a6d0b6b6ca62e63fac3295e58045.jpg\" alt=\"\" width=\"455\" height=\"247\" \/><\/p>\n<p class=\"legenda_imagem\">Ministro da Justi\u00e7a, Eug\u00eanio Arag\u00e3o<\/p>\n<p>O ministro da Justi\u00e7a, Eug\u00eanio Arag\u00e3o, afirmou nesta ter\u00e7a-feira, 26, que vai adiantar todos os recursos previstos para a Pol\u00edcia Federal nesta no para que a institui\u00e7\u00e3o n\u00e3o fique \u201ca merc\u00ea de eventuais chantagens pol\u00edticas\u201d caso o impeachment da presidente Dilma Rousseff seja aprovado no Senado. \u201cN\u00f3s estamos garantindo que todos os recursos da Pol\u00edcia Federal para at\u00e9 o final do ano lhe sejam j\u00e1 repassados antes do dia 11 de maio. E o que significa isso? Que a Pol\u00edcia Federal n\u00e3o ficar\u00e1 a merc\u00ea de eventuais chantagens pol\u00edticas\u201d, disse. O valor total que a PF deve receber, segundo a previs\u00e3o da lei or\u00e7ament\u00e1ria deste ano, \u00e9 de R$ 160 milh\u00f5es. A vota\u00e7\u00e3o do impeachment no plen\u00e1rio no Senado est\u00e1 previsto para acontecer justamente no dia 11. A declara\u00e7\u00e3o do ministro foi uma resposta ao questionamento sobre se a aprova\u00e7\u00e3o do afastamento de Dilma e a consequente chegada do vice Michel Temer \u00e0 Presid\u00eancia amea\u00e7aria o avan\u00e7o das investiga\u00e7\u00f5es da PF, como a Opera\u00e7\u00e3o Lava Jato, a Zelotes e Acr\u00f4nimo. \u201cA PF simplesmente far\u00e1 o que tiver que fazer porque n\u00f3s daremos todos os meios para isso. N\u00f3s podemos dizer que a Pol\u00edcia Federal n\u00e3o precisar\u00e1 da classe pol\u00edtica para trabalhar\u201d, afirmou. Aliados de Dilma t\u00eam difundido a ideia de que Temer ir\u00e1 escalar um ministro da Justi\u00e7a que consiga colocar um freio nessas apura\u00e7\u00f5es, especialmente a Lava Jato, onde nomes importantes do PMDB est\u00e3o sendo investigados. Apesar das declara\u00e7\u00f5es, Arag\u00e3o n\u00e3o citou o nome de Temer. \u201cN\u00f3s estamos cuidando para que n\u00e3o aconte\u00e7a isso. Ao governo da presidente Dilma interessa, sobretudo, que a Justi\u00e7a seja feita e o s malfeitos sejam devidamente punidos. Tanto que n\u00f3s, em momento nenhum interferimos, nas investiga\u00e7\u00f5es, muito pelo contr\u00e1rio\u201d, disse. Fonte:\u00a0Estad\u00e3o<\/p>\n","protected":false},"excerpt":{"rendered":"<p>Foto: Divulga\u00e7\u00e3o Ministro da Justi\u00e7a, Eug\u00eanio Arag\u00e3o O ministro da Justi\u00e7a, Eug\u00eanio Arag\u00e3o, afirmou nesta ter\u00e7a-feira, 26, que vai adiantar todos os recursos previstos para a Pol\u00edcia Federal nesta no para que a institui\u00e7\u00e3o n\u00e3o fique \u201ca merc\u00ea de eventuais chantagens pol\u00edticas\u201d caso o impeachment da presidente Dilma Rousseff seja aprovado no Senado. \u201cN\u00f3s estamos garantindo que todos os recursos da Pol\u00edcia Federal para at\u00e9 o final do ano lhe sejam j\u00e1 repassados antes do dia 11 de maio. E o que significa isso? Que a Pol\u00edcia Federal n\u00e3o ficar\u00e1 a merc\u00ea de eventuais chantagens pol\u00edticas\u201d, disse. O valor total&#8230;<\/p>\n","protected":false},"author":2,"featured_media":0,"comment_status":"open","ping_status":"open","sticky":false,"template":"","format":"standard","meta":{"footnotes":"","_links_to":"","_links_to_target":""},"categories":[6],"tags":[],"class_list":["post-73455","post","type-post","status-publish","format-standard","hentry","category-noticias"],"acf":[],"views":474,"_links":{"self":[{"href":"https:\/\/www.walcordeiro.com.br\/v1\/wp-json\/wp\/v2\/posts\/73455","targetHints":{"allow":["GET"]}}],"collection":[{"href":"https:\/\/www.walcordeiro.com.br\/v1\/wp-json\/wp\/v2\/posts"}],"about":[{"href":"https:\/\/www.walcordeiro.com.br\/v1\/wp-json\/wp\/v2\/types\/post"}],"author":[{"embeddable":true,"href":"https:\/\/www.walcordeiro.com.br\/v1\/wp-json\/wp\/v2\/users\/2"}],"replies":[{"embeddable":true,"href":"https:\/\/www.walcordeiro.com.br\/v1\/wp-json\/wp\/v2\/comments?post=73455"}],"version-history":[{"count":1,"href":"https:\/\/www.walcordeiro.com.br\/v1\/wp-json\/wp\/v2\/posts\/73455\/revisions"}],"predecessor-version":[{"id":73456,"href":"https:\/\/www.walcordeiro.com.br\/v1\/wp-json\/wp\/v2\/posts\/73455\/revisions\/73456"}],"wp:attachment":[{"href":"https:\/\/www.walcordeiro.com.br\/v1\/wp-json\/wp\/v2\/media?parent=73455"}],"wp:term":[{"taxonomy":"category","embeddable":true,"href":"https:\/\/www.walcordeiro.com.br\/v1\/wp-json\/wp\/v2\/categories?post=73455"},{"taxonomy":"post_tag","embeddable":true,"href":"https:\/\/www.walcordeiro.com.br\/v1\/wp-json\/wp\/v2\/tags?post=73455"}],"curies":[{"name":"wp","href":"https:\/\/api.w.org\/{rel}","templated":true}]}}