{"id":69959,"date":"2015-11-17T11:48:42","date_gmt":"2015-11-17T14:48:42","guid":{"rendered":"http:\/\/www.walcordeiro.com.br\/v1\/?p=69959"},"modified":"2015-11-17T11:48:42","modified_gmt":"2015-11-17T14:48:42","slug":"gari-e-detido-apos-varrer-rua-e-poeira-incomodar-policiais-em-cidade-baiana","status":"publish","type":"post","link":"https:\/\/www.walcordeiro.com.br\/v1\/2015\/11\/17\/gari-e-detido-apos-varrer-rua-e-poeira-incomodar-policiais-em-cidade-baiana\/","title":{"rendered":"Gari \u00e9 detido ap\u00f3s varrer rua e poeira incomodar policiais em cidade baiana"},"content":{"rendered":"<p><a class=\"gallery_colorbox cboxElement\" href=\"http:\/\/www.blogdorodrigoferraz.com.br\/v1\/wp-content\/uploads\/2015\/11\/protesto_garis_editada.jpg\"><img loading=\"lazy\" decoding=\"async\" class=\"size-full wp-image-68799\" src=\"http:\/\/www.blogdorodrigoferraz.com.br\/v1\/wp-content\/uploads\/2015\/11\/protesto_garis_editada.jpg\" alt=\"Garis fazem protesto contra pris\u00e3o de colega ap\u00f3s poeira durante varredura incomodar policiais (Foto: Marcelo Bastos Souza\/Arquivo pessoal)\" width=\"500\" height=\"375\" \/><\/a><\/p>\n<p>Um gari foi detido pela pol\u00edcia ao varrer uma rua perto de uma viatura no centro de Jequi\u00e9, regi\u00e3o sudoeste da Bahia. De acordo com informa\u00e7\u00f5es do Sindicato dos Trabalhadores em Limpeza P\u00fablica do Estado da Bahia (Sindilimp), incomodados com a poeira que foi levantada, policiais militares prenderam o funcion\u00e1rio, que foi levado at\u00e9 a 9\u00b0 Coordenadoria de Pol\u00edcia do Interior (Coorpin).<\/p>\n<p>A pris\u00e3o aconteceu na noite da \u00faltima sexta-feira (13), por volta das 20h30, e o funcion\u00e1rio foi liberado no in\u00edcio da madrugada de s\u00e1bado (14). Na manh\u00e3 desta ter\u00e7a-feira (17), os garis fazem uma paralisa\u00e7\u00e3o como forma de protesto.<\/p>\n<p>A pol\u00edcia da cidade confirmou que o gari foi detido e liberado ap\u00f3s depoimento. Mas, de acordo com os relat\u00f3rios da delegacia, os policiais envolvidos teriam pedido para que o funcion\u00e1rio parasse de varrer, pois a poeira estava atrapalhando os policiais. Ainda seguindo a vers\u00e3o da pol\u00edcia, o gari teria insultado os policiais antes da pris\u00e3o.<!--more--><\/p>\n<p>Em entrevista concedida ao portal de not\u00edcias G1 o coordenador do Sindilimp, Jos\u00e9 Carlos Concei\u00e7\u00e3o de Jesus, informou que uma paralisa\u00e7\u00e3o acontece por tempo indeterminado e pretende pressionar a empresa respons\u00e1vel pela limpeza da cidade a tomar uma atitude em defesa dos funcion\u00e1rios. \u201cEstamos reunidos na sede da empresa e n\u00e3o vai acontecer varredura em Jequi\u00e9 at\u00e9 que alguma provid\u00eancia seja tomada\u201d, contou.<\/p>\n<p>A Secretaria de Servi\u00e7os P\u00fablicos de Jequi\u00e9 confirmou a paralisa\u00e7\u00e3o e informou que uma reuni\u00e3o deve acontecer na manh\u00e3 desta ter\u00e7a-feira para que o problema seja solucionado. A\u00a0a assessoria da PM ficou de apurar as circunst\u00e2ncias do fato. Fonte: Blog do Rodrigo Ferraz<\/p>\n","protected":false},"excerpt":{"rendered":"<p>Um gari foi detido pela pol\u00edcia ao varrer uma rua perto de uma viatura no centro de Jequi\u00e9, regi\u00e3o sudoeste da Bahia. De acordo com informa\u00e7\u00f5es do Sindicato dos Trabalhadores em Limpeza P\u00fablica do Estado da Bahia (Sindilimp), incomodados com a poeira que foi levantada, policiais militares prenderam o funcion\u00e1rio, que foi levado at\u00e9 a 9\u00b0 Coordenadoria de Pol\u00edcia do Interior (Coorpin). A pris\u00e3o aconteceu na noite da \u00faltima sexta-feira (13), por volta das 20h30, e o funcion\u00e1rio foi liberado no in\u00edcio da madrugada de s\u00e1bado (14). Na manh\u00e3 desta ter\u00e7a-feira (17), os garis fazem uma paralisa\u00e7\u00e3o como forma de&#8230;<\/p>\n","protected":false},"author":2,"featured_media":0,"comment_status":"open","ping_status":"open","sticky":false,"template":"","format":"standard","meta":{"footnotes":"","_links_to":"","_links_to_target":""},"categories":[6],"tags":[],"class_list":["post-69959","post","type-post","status-publish","format-standard","hentry","category-noticias"],"acf":[],"views":612,"_links":{"self":[{"href":"https:\/\/www.walcordeiro.com.br\/v1\/wp-json\/wp\/v2\/posts\/69959","targetHints":{"allow":["GET"]}}],"collection":[{"href":"https:\/\/www.walcordeiro.com.br\/v1\/wp-json\/wp\/v2\/posts"}],"about":[{"href":"https:\/\/www.walcordeiro.com.br\/v1\/wp-json\/wp\/v2\/types\/post"}],"author":[{"embeddable":true,"href":"https:\/\/www.walcordeiro.com.br\/v1\/wp-json\/wp\/v2\/users\/2"}],"replies":[{"embeddable":true,"href":"https:\/\/www.walcordeiro.com.br\/v1\/wp-json\/wp\/v2\/comments?post=69959"}],"version-history":[{"count":1,"href":"https:\/\/www.walcordeiro.com.br\/v1\/wp-json\/wp\/v2\/posts\/69959\/revisions"}],"predecessor-version":[{"id":69960,"href":"https:\/\/www.walcordeiro.com.br\/v1\/wp-json\/wp\/v2\/posts\/69959\/revisions\/69960"}],"wp:attachment":[{"href":"https:\/\/www.walcordeiro.com.br\/v1\/wp-json\/wp\/v2\/media?parent=69959"}],"wp:term":[{"taxonomy":"category","embeddable":true,"href":"https:\/\/www.walcordeiro.com.br\/v1\/wp-json\/wp\/v2\/categories?post=69959"},{"taxonomy":"post_tag","embeddable":true,"href":"https:\/\/www.walcordeiro.com.br\/v1\/wp-json\/wp\/v2\/tags?post=69959"}],"curies":[{"name":"wp","href":"https:\/\/api.w.org\/{rel}","templated":true}]}}