{"id":6903,"date":"2010-04-20T09:58:00","date_gmt":"2010-04-20T12:58:00","guid":{"rendered":"http:\/\/www.walcordeiro.com.br\/v1\/?p=6903"},"modified":"2010-04-20T09:58:00","modified_gmt":"2010-04-20T12:58:00","slug":"mp-admite-buscas-na-casa-de-ex-presidente-da-ebal","status":"publish","type":"post","link":"https:\/\/www.walcordeiro.com.br\/v1\/2010\/04\/20\/mp-admite-buscas-na-casa-de-ex-presidente-da-ebal\/","title":{"rendered":"MP ADMITE BUSCAS NA CASA DE EX-PRESIDENTE DA EBAL"},"content":{"rendered":"<p>Como antecipado <a href=\"http:\/\/www.bahianoticias.com.br\/noticias\/noticia\/2010\/04\/17\/61847,policia-civil-guardaria-bomba-do-edf-fellini.html\" target=\"_blank\"><strong>em primeira m\u00e3o pelo Bahia Not\u00edcias<\/strong><\/a>, no s\u00e1bado (17), em mat\u00e9ria publicada nesta ter\u00e7a-feira (20) no Jornal A Tarde, o promotor de justi\u00e7a Maur\u00edcio Cerqueira Lima, coordenador do Grupo de Atua\u00e7\u00e3o Especial de Combate \u00e0s Organiza\u00e7\u00f5es Criminosas e de Investiga\u00e7\u00f5es Criminais (Gaeco) do Minist\u00e9rio P\u00fablico (MP-BA), disse que a opera\u00e7\u00e3o de busca e apreens\u00e3o no Edif\u00edcio Frederico Fellini, no Corredor da Vit\u00f3ria, onde mora o ex-presidente da Ebal Omar Britto, na \u00faltima sexta (16), visaram coletar outros elementos de prova para serem juntados \u00e0queles que resultaram da CPI da Ebal. O promotor n\u00e3o quis dar mais detalhes, entretanto, j\u00e1 que a a\u00e7\u00e3o tramita em segredo de Justi\u00e7a. Dez mandatos de busca e apreens\u00e3o foram expedidos pela ju\u00edza Ivone Ribeiro Gon\u00e7alves Bessa Ramos, da 1\u00aa Vara Criminal de Salvador, na sexta-feira. Omar teve o sigilo banc\u00e1rio quebrado pela Justi\u00e7a, assim como Marcos Paiva, diretor da OAF (Organiza\u00e7\u00e3o de Aux\u00edlio Fraterno), e os empreiteiros S\u00edlvio Silveira (Silveira Empreendimentos) e Jos\u00e9 Gomes (Comasa Construtora). A busca por provas acontece dois anos a conclus\u00e3o da CPI da Ebal, que indiciou 14 pessoas acusadas de cometer crimes como peculato, improbidade administrativa, corrup\u00e7\u00e3o passiva e forma\u00e7\u00e3o de quadrilha \u2013 originando um rombo de mais de R$ 600 milh\u00f5es ao cofres do Estado. <!--more-->O governador Jaques Wagner (PT) disse, por meio de sua assessoria, esperar que a Justi\u00e7a seja feita. \u201cA Assembleia apurou as den\u00fancias, o governo restabeleceu a sa\u00fade financeira e a respeitabilidade da empresa perante a popula\u00e7\u00e3o e fornecedores, o MP est\u00e1 fazendo a sua parte e, agora, aguardamos a decis\u00e3o da Justi\u00e7a\u201d, afirmou.<\/p>\n<p>Bahia Noticias<\/p>\n","protected":false},"excerpt":{"rendered":"<p>Como antecipado em primeira m\u00e3o pelo Bahia Not\u00edcias, no s\u00e1bado (17), em mat\u00e9ria publicada nesta ter\u00e7a-feira (20) no Jornal A Tarde, o promotor de justi\u00e7a Maur\u00edcio Cerqueira Lima, coordenador do Grupo de Atua\u00e7\u00e3o Especial de Combate \u00e0s Organiza\u00e7\u00f5es Criminosas e de Investiga\u00e7\u00f5es Criminais (Gaeco) do Minist\u00e9rio P\u00fablico (MP-BA), disse que a opera\u00e7\u00e3o de busca e apreens\u00e3o no Edif\u00edcio Frederico Fellini, no Corredor da Vit\u00f3ria, onde mora o ex-presidente da Ebal Omar Britto, na \u00faltima sexta (16), visaram coletar outros elementos de prova para serem juntados \u00e0queles que resultaram da CPI da Ebal. O promotor n\u00e3o quis dar mais detalhes, entretanto,&#8230;<\/p>\n","protected":false},"author":2,"featured_media":0,"comment_status":"open","ping_status":"open","sticky":false,"template":"","format":"standard","meta":{"footnotes":"","_links_to":"","_links_to_target":""},"categories":[6],"tags":[931,313],"class_list":["post-6903","post","type-post","status-publish","format-standard","hentry","category-noticias","tag-cpi","tag-ebal"],"acf":[],"views":720,"_links":{"self":[{"href":"https:\/\/www.walcordeiro.com.br\/v1\/wp-json\/wp\/v2\/posts\/6903","targetHints":{"allow":["GET"]}}],"collection":[{"href":"https:\/\/www.walcordeiro.com.br\/v1\/wp-json\/wp\/v2\/posts"}],"about":[{"href":"https:\/\/www.walcordeiro.com.br\/v1\/wp-json\/wp\/v2\/types\/post"}],"author":[{"embeddable":true,"href":"https:\/\/www.walcordeiro.com.br\/v1\/wp-json\/wp\/v2\/users\/2"}],"replies":[{"embeddable":true,"href":"https:\/\/www.walcordeiro.com.br\/v1\/wp-json\/wp\/v2\/comments?post=6903"}],"version-history":[{"count":1,"href":"https:\/\/www.walcordeiro.com.br\/v1\/wp-json\/wp\/v2\/posts\/6903\/revisions"}],"predecessor-version":[{"id":6904,"href":"https:\/\/www.walcordeiro.com.br\/v1\/wp-json\/wp\/v2\/posts\/6903\/revisions\/6904"}],"wp:attachment":[{"href":"https:\/\/www.walcordeiro.com.br\/v1\/wp-json\/wp\/v2\/media?parent=6903"}],"wp:term":[{"taxonomy":"category","embeddable":true,"href":"https:\/\/www.walcordeiro.com.br\/v1\/wp-json\/wp\/v2\/categories?post=6903"},{"taxonomy":"post_tag","embeddable":true,"href":"https:\/\/www.walcordeiro.com.br\/v1\/wp-json\/wp\/v2\/tags?post=6903"}],"curies":[{"name":"wp","href":"https:\/\/api.w.org\/{rel}","templated":true}]}}