{"id":68420,"date":"2015-07-22T06:59:57","date_gmt":"2015-07-22T09:59:57","guid":{"rendered":"http:\/\/www.walcordeiro.com.br\/v1\/?p=68420"},"modified":"2015-07-22T06:59:57","modified_gmt":"2015-07-22T09:59:57","slug":"primeiro-semestre-de-2015-bate-recorde-como-mais-quente-para-o-periodo","status":"publish","type":"post","link":"https:\/\/www.walcordeiro.com.br\/v1\/2015\/07\/22\/primeiro-semestre-de-2015-bate-recorde-como-mais-quente-para-o-periodo\/","title":{"rendered":"Primeiro semestre de 2015 bate recorde como mais quente para o per\u00edodo"},"content":{"rendered":"<header>\n<div class=\"node-info\"><em><strong>da Ag\u00eancia Brasil<\/strong><\/em><\/div>\n<\/header>\n<div class=\"content\">\n<p>O primeiro semestre de 2015 \u00e9 o mais quente da hist\u00f3ria para o per\u00edodo desde que os dados sobre a temperatura global come\u00e7aram a ser coletados, em 1880. As temperaturas medidas nos meses de mar\u00e7o, maio e junho deste ano bateram recorde como as mais quentes, se comparadas \u00e0s dos anos anteriores.<\/p>\n<p>Entre os meses de janeiro e junho, a m\u00e9dia das temperaturas continental e oce\u00e2nica estava em 0.85\u00b0 Celsius acima da m\u00e9dia do s\u00e9culo 20 para essa \u00e9poca do ano.<\/p>\n<p>As informa\u00e7\u00f5es foram divulgadas nesta semana pela Administra\u00e7\u00e3o Nacional de Oceanos e Atmosfera dos Estados Unidos e confirmadas pela Ag\u00eancia Espacial Americana (Nasa) e a Ag\u00eancia Meteorol\u00f3gica do Jap\u00e3o. Em junho, a temperatura m\u00e9dia continental e oce\u00e2nica estava 0.88\u00b0C acima da m\u00e9dia para o mesmo m\u00eas no s\u00e9culo passado, ultrapassando o recorde de junho de 2014 em 0.12\u00b0C.<\/p>\n<p>Segundo a Nasa, nove dos dez anos mais quentes da hist\u00f3ria foram registrados a partir do ano 2000.<\/p>\n<p>A previs\u00e3o dos \u00f3rg\u00e3os de meteorologia da Austr\u00e1lia, do Jap\u00e3o e dos Estados Unidos \u00e9 que o ano de 2015 ser\u00e1 o mais quente da s\u00e9rie hist\u00f3rica. Uma das poss\u00edveis explica\u00e7\u00f5es \u00e9 a intensifica\u00e7\u00e3o do fen\u00f4meno El Ni\u00f1o, que altera o clima globalmente ao transferir grande quantidade de calor da zona tropical do Oceano Pac\u00edfico para outros locais do planeta, a partir da altera\u00e7\u00e3o da temperatura da superf\u00edcie da \u00e1gua.<\/p>\n<p>O Escrit\u00f3rio de Meteorologia da Austr\u00e1lia confirmou hoje que o fen\u00f4meno El Ni\u00f1o de 2015 continua se fortalecendo. Segundo o escrit\u00f3rio, ventos al\u00edsios mais fracos na zona tropical do Pac\u00edfico resultaram no maior aquecimento das \u00e1guas da regi\u00e3o.<\/p>\n<p>A Austr\u00e1lia acompanha a oscila\u00e7\u00e3o do El Ni\u00f1o e verificou aumento m\u00e9dio de mais de 1\u00baC por 10 semanas seguidas na superf\u00edcie da \u00e1gua, duas semanas a mais que o recorde registrado em 1997. De acordo com simula\u00e7\u00f5es feitas em diversos modelos clim\u00e1ticos internacionais, El Ni\u00f1o vai ficar mais forte este ano e deve persistir at\u00e9 o in\u00edcio de 2016.<\/p>\n<\/div>\n<p><!--more--><\/p>\n","protected":false},"excerpt":{"rendered":"<p>da Ag\u00eancia Brasil O primeiro semestre de 2015 \u00e9 o mais quente da hist\u00f3ria para o per\u00edodo desde que os dados sobre a temperatura global come\u00e7aram a ser coletados, em 1880. As temperaturas medidas nos meses de mar\u00e7o, maio e junho deste ano bateram recorde como as mais quentes, se comparadas \u00e0s dos anos anteriores. Entre os meses de janeiro e junho, a m\u00e9dia das temperaturas continental e oce\u00e2nica estava em 0.85\u00b0 Celsius acima da m\u00e9dia do s\u00e9culo 20 para essa \u00e9poca do ano. As informa\u00e7\u00f5es foram divulgadas nesta semana pela Administra\u00e7\u00e3o Nacional de Oceanos e Atmosfera dos Estados Unidos&#8230;<\/p>\n","protected":false},"author":2,"featured_media":0,"comment_status":"open","ping_status":"open","sticky":false,"template":"","format":"standard","meta":{"footnotes":"","_links_to":"","_links_to_target":""},"categories":[6],"tags":[],"class_list":["post-68420","post","type-post","status-publish","format-standard","hentry","category-noticias"],"acf":[],"views":613,"_links":{"self":[{"href":"https:\/\/www.walcordeiro.com.br\/v1\/wp-json\/wp\/v2\/posts\/68420","targetHints":{"allow":["GET"]}}],"collection":[{"href":"https:\/\/www.walcordeiro.com.br\/v1\/wp-json\/wp\/v2\/posts"}],"about":[{"href":"https:\/\/www.walcordeiro.com.br\/v1\/wp-json\/wp\/v2\/types\/post"}],"author":[{"embeddable":true,"href":"https:\/\/www.walcordeiro.com.br\/v1\/wp-json\/wp\/v2\/users\/2"}],"replies":[{"embeddable":true,"href":"https:\/\/www.walcordeiro.com.br\/v1\/wp-json\/wp\/v2\/comments?post=68420"}],"version-history":[{"count":1,"href":"https:\/\/www.walcordeiro.com.br\/v1\/wp-json\/wp\/v2\/posts\/68420\/revisions"}],"predecessor-version":[{"id":68421,"href":"https:\/\/www.walcordeiro.com.br\/v1\/wp-json\/wp\/v2\/posts\/68420\/revisions\/68421"}],"wp:attachment":[{"href":"https:\/\/www.walcordeiro.com.br\/v1\/wp-json\/wp\/v2\/media?parent=68420"}],"wp:term":[{"taxonomy":"category","embeddable":true,"href":"https:\/\/www.walcordeiro.com.br\/v1\/wp-json\/wp\/v2\/categories?post=68420"},{"taxonomy":"post_tag","embeddable":true,"href":"https:\/\/www.walcordeiro.com.br\/v1\/wp-json\/wp\/v2\/tags?post=68420"}],"curies":[{"name":"wp","href":"https:\/\/api.w.org\/{rel}","templated":true}]}}