{"id":6787,"date":"2010-04-19T16:12:27","date_gmt":"2010-04-19T19:12:27","guid":{"rendered":"http:\/\/www.walcordeiro.com.br\/v1\/?p=6787"},"modified":"2010-04-19T16:12:27","modified_gmt":"2010-04-19T19:12:27","slug":"aecio-repete-que-brasil-pode-mais-e-serra-defende-fim-da-reeleicao","status":"publish","type":"post","link":"https:\/\/www.walcordeiro.com.br\/v1\/2010\/04\/19\/aecio-repete-que-brasil-pode-mais-e-serra-defende-fim-da-reeleicao\/","title":{"rendered":"A\u00e9cio repete que &#8220;Brasil pode mais&#8221; e Serra defende fim da reelei\u00e7\u00e3o"},"content":{"rendered":"<p><strong>O ex-governador de Minas Gerais A\u00e9cio Neves (PSDB) cumpriu\u00a0nesta segunda-feira\u00a0o seu papel de fiador da candidatura do tucano Jos\u00e9 Serra \u00e0 Presid\u00eancia da Rep\u00fablica junto ao empresariado mineiro. Em troca, o ex-governador paulista afirmou que defender\u00e1 o fim da reelei\u00e7\u00e3o, o que abre caminho para A\u00e9cio tentar o Pal\u00e1cio do Planalto em 2014.<\/strong><\/p>\n<table border=\"0\" cellspacing=\"0\" cellpadding=\"0\" width=\"0\">\n<tbody>\n<tr>\n<td align=\"right\"><span style=\"font-size: xx-small;\">AE<\/span><\/td>\n<\/tr>\n<tr>\n<td><img decoding=\"async\" src=\"http:\/\/images.ig.com.br\/publicador\/ultimosegundo\/409\/158\/57\/7580038.aecio_serra_286_429.jpg\" alt=\"\" \/><\/td>\n<\/tr>\n<tr>\n<td><span style=\"font-size: xx-small;\">A\u00e9cio\u00a0e Serra em\u00a0reuni\u00e3o com empres\u00e1rios na sede da Federa\u00e7\u00e3o das Ind\u00fastrias<\/span><\/td>\n<\/tr>\n<\/tbody>\n<\/table>\n<p>Usando barba e sem gravata, A\u00e9cio apresentou Serra para um grupo de empres\u00e1rios que lotou o anfiteatro da sede da\u00a0Federa\u00e7\u00e3o das Ind\u00fastrias do Estado de Minas Gerais (Fiemg). O ex-governador falou por apenas seis minutos e meio, mas fez quest\u00e3o de citar o slogan que Serra passou a adotar desde o lan\u00e7amento da sua pr\u00e9-campanha, \u201co Brasil pode mais\u201d.<\/p>\n<p>\u201cMinas vive um extraordin\u00e1rio momento de crescimento. Vejo sinceramente que podemos continuar, como voc\u00ea tem dito, avan\u00e7ando mais. Concordo que a gente pode ainda mais, principalmente se n\u00f3s rompermos com o div\u00f3rcio que existe hoje entre os planejamentos dos governos federal e do estadual\u201d, disse A\u00e9cio.<\/p>\n<p><!--more-->Vencedor no primeiro turno nas duas \u00faltimas elei\u00e7\u00f5es em Minas, A\u00e9cio n\u00e3o conseguiu transferir votos nem para Serra, candidato tucano a presidente em 2002, nem para Geraldo Alckmin, que disputou o mesmo cargo pelo PSDB em 2006. Ambos foram derrotados pelo presidente Luiz In\u00e1cio Lula da Silva (PT).<\/p>\n<p>Candidato, em princ\u00edpio, ao Senado (ele ainda \u00e9 cotado como vice de Serra), A\u00e9cio promete ajudar o ex-governador paulista a chegar ao Pal\u00e1cio do Planalto. \u201cChegue a Minas de peito aberto, seja destemido\u201d, disse A\u00e9cio. \u201cGostaria de afirmar que\u00a0desde que lan\u00e7ou sua candidatura ela n\u00e3o \u00e9 mais sua. Ela \u00e9 a nossa candidatura\u201d, afirmou.<\/p>\n<p>Em entrevista, Serra retribuiu elogiando a gest\u00e3o de A\u00e9cio \u00e0 frente do governo mineiro nos \u00faltimos sete anos. Questionado, o tucano confirmou ser a favor do fim da reelei\u00e7\u00e3o, indicando que ele n\u00e3o tem inten\u00e7\u00e3o e que n\u00e3o pretende se candidatar em 2014 caso ven\u00e7a em 2010. Serra disse que A\u00e9cio j\u00e1 est\u00e1 ajudando na sua campanha.<\/p>\n<p>\u201cN\u00e3o tenho d\u00favida. Ele j\u00e1 est\u00e1 ajudando. \u00c9 um grande parceiro aqui em Minas Gerais e um grande parceiro no Brasil. Um homem que fez um governo excepcional no Estado em v\u00e1rios aspectos\u201d, disse. \u201cSomos amigos, al\u00e9m de companheiros da vida pol\u00edtica\u201d, completou.<\/p>\n<p>Serra evitou entrar na pol\u00eamica sobre o candidato a vice. \u201cIsso ser\u00e1 tratado no final de maio e come\u00e7o de junho\u201d, disse.<\/p>\n<p><strong>Agenda Minas<\/strong><\/p>\n<p>A\u00e9cio entregou a Serra um documento chamado \u201cAgenda Minas\u201d, que, segundo ele, cont\u00e9m propostas de parcerias para a\u00e7\u00f5es entre\u00a0governos federal e estadual. Em uma hora de palestra, Serra falou de alguns pontos sens\u00edveis para o empresariado mineiro como as estradas federais prec\u00e1rias e o corte na taxa de juros.<\/p>\n<p>Serra criticou o desempenho do governo brasileiro na pol\u00edtica de\u00a0com\u00e9rcio exterior. Chegou a defender uma reforma do Mercosul -bloco econ\u00f4mico formado por Brasil, Argentina, Paraguai, Uruguai e Venezuela. \u201cN\u00e3o podemos ficar a cargo do Mercosul. N\u00e3o sou contra o bloco, mas precisamos criar uma zona de livre com\u00e9rcio\u201d, disse.<\/p>\n<p>O tucano intercalou seu discurso com dados sobre economia e elogios a Minas. Fez quest\u00e3o de citar homens p\u00fablicos mineiros. No come\u00e7o e no fim da palestra, citou times de futebol, como o Am\u00e9rica. Serra negou que seu slogan \u201cO Brasil pode mais\u201d foi copiado da campanha da nova diretoria do Santos (\u201cSantos pode mais\u201d). \u201cEu sou palmeirense\u201d, lembrou.<\/p>\n<p>\u00daltimo Segundo<\/p>\n","protected":false},"excerpt":{"rendered":"<p>O ex-governador de Minas Gerais A\u00e9cio Neves (PSDB) cumpriu\u00a0nesta segunda-feira\u00a0o seu papel de fiador da candidatura do tucano Jos\u00e9 Serra \u00e0 Presid\u00eancia da Rep\u00fablica junto ao empresariado mineiro. Em troca, o ex-governador paulista afirmou que defender\u00e1 o fim da reelei\u00e7\u00e3o, o que abre caminho para A\u00e9cio tentar o Pal\u00e1cio do Planalto em 2014. AE A\u00e9cio\u00a0e Serra em\u00a0reuni\u00e3o com empres\u00e1rios na sede da Federa\u00e7\u00e3o das Ind\u00fastrias Usando barba e sem gravata, A\u00e9cio apresentou Serra para um grupo de empres\u00e1rios que lotou o anfiteatro da sede da\u00a0Federa\u00e7\u00e3o das Ind\u00fastrias do Estado de Minas Gerais (Fiemg). O ex-governador falou por apenas seis minutos&#8230;<\/p>\n","protected":false},"author":2,"featured_media":0,"comment_status":"open","ping_status":"open","sticky":false,"template":"","format":"standard","meta":{"footnotes":"","_links_to":"","_links_to_target":""},"categories":[6],"tags":[1541,6218,252,869],"class_list":["post-6787","post","type-post","status-publish","format-standard","hentry","category-noticias","tag-aecio","tag-brasil","tag-eleicoes","tag-serra"],"acf":[],"views":748,"_links":{"self":[{"href":"https:\/\/www.walcordeiro.com.br\/v1\/wp-json\/wp\/v2\/posts\/6787","targetHints":{"allow":["GET"]}}],"collection":[{"href":"https:\/\/www.walcordeiro.com.br\/v1\/wp-json\/wp\/v2\/posts"}],"about":[{"href":"https:\/\/www.walcordeiro.com.br\/v1\/wp-json\/wp\/v2\/types\/post"}],"author":[{"embeddable":true,"href":"https:\/\/www.walcordeiro.com.br\/v1\/wp-json\/wp\/v2\/users\/2"}],"replies":[{"embeddable":true,"href":"https:\/\/www.walcordeiro.com.br\/v1\/wp-json\/wp\/v2\/comments?post=6787"}],"version-history":[{"count":1,"href":"https:\/\/www.walcordeiro.com.br\/v1\/wp-json\/wp\/v2\/posts\/6787\/revisions"}],"predecessor-version":[{"id":6788,"href":"https:\/\/www.walcordeiro.com.br\/v1\/wp-json\/wp\/v2\/posts\/6787\/revisions\/6788"}],"wp:attachment":[{"href":"https:\/\/www.walcordeiro.com.br\/v1\/wp-json\/wp\/v2\/media?parent=6787"}],"wp:term":[{"taxonomy":"category","embeddable":true,"href":"https:\/\/www.walcordeiro.com.br\/v1\/wp-json\/wp\/v2\/categories?post=6787"},{"taxonomy":"post_tag","embeddable":true,"href":"https:\/\/www.walcordeiro.com.br\/v1\/wp-json\/wp\/v2\/tags?post=6787"}],"curies":[{"name":"wp","href":"https:\/\/api.w.org\/{rel}","templated":true}]}}