{"id":67837,"date":"2015-06-16T06:57:44","date_gmt":"2015-06-16T09:57:44","guid":{"rendered":"http:\/\/www.walcordeiro.com.br\/v1\/?p=67837"},"modified":"2015-06-16T06:57:44","modified_gmt":"2015-06-16T09:57:44","slug":"uesb-inicia-matriculas-para-aprovados-do-sisu-na-sexta","status":"publish","type":"post","link":"https:\/\/www.walcordeiro.com.br\/v1\/2015\/06\/16\/uesb-inicia-matriculas-para-aprovados-do-sisu-na-sexta\/","title":{"rendered":"UESB inicia matr\u00edculas para aprovados do SiSU na sexta"},"content":{"rendered":"<p>A Uesb inicia na pr\u00f3xima sexta-feira (19) a matr\u00edcula dos aprovados pelo Sistema de Sele\u00e7\u00e3o Unificada (SiSU). Os candidatos \u00e0s vagas do segundo semestre letivo dos cursos de gradua\u00e7\u00e3o j\u00e1 podem conferir no\u00a0<a href=\"http:\/\/www.uesb.br\/editais\/2015\/06\/edital%20sisu%202015.2.pdf\">Edital 097\/15<\/a>\u00a0as datas e hor\u00e1rios para efetuarem suas matr\u00edculas na Institui\u00e7\u00e3o.<\/p>\n<p>Os selecionados dever\u00e3o comparecer \u00e0s Secretarias de Cursos dos tr\u00eas campi da Universidade nos dias 19, 22 e 23 de junho. As informa\u00e7\u00f5es sobre os hor\u00e1rios e documenta\u00e7\u00e3o exigida podem ser encontras nos anexos I, II e III do presente Edital.<\/p>\n","protected":false},"excerpt":{"rendered":"<p>A Uesb inicia na pr\u00f3xima sexta-feira (19) a matr\u00edcula dos aprovados pelo Sistema de Sele\u00e7\u00e3o Unificada (SiSU). Os candidatos \u00e0s vagas do segundo semestre letivo dos cursos de gradua\u00e7\u00e3o j\u00e1 podem conferir no\u00a0Edital 097\/15\u00a0as datas e hor\u00e1rios para efetuarem suas matr\u00edculas na Institui\u00e7\u00e3o. Os selecionados dever\u00e3o comparecer \u00e0s Secretarias de Cursos dos tr\u00eas campi da Universidade nos dias 19, 22 e 23 de junho. As informa\u00e7\u00f5es sobre os hor\u00e1rios e documenta\u00e7\u00e3o exigida podem ser encontras nos anexos I, II e III do presente Edital.<\/p>\n","protected":false},"author":2,"featured_media":0,"comment_status":"open","ping_status":"open","sticky":false,"template":"","format":"standard","meta":{"footnotes":"","_links_to":"","_links_to_target":""},"categories":[6],"tags":[],"class_list":["post-67837","post","type-post","status-publish","format-standard","hentry","category-noticias"],"acf":[],"views":424,"_links":{"self":[{"href":"https:\/\/www.walcordeiro.com.br\/v1\/wp-json\/wp\/v2\/posts\/67837","targetHints":{"allow":["GET"]}}],"collection":[{"href":"https:\/\/www.walcordeiro.com.br\/v1\/wp-json\/wp\/v2\/posts"}],"about":[{"href":"https:\/\/www.walcordeiro.com.br\/v1\/wp-json\/wp\/v2\/types\/post"}],"author":[{"embeddable":true,"href":"https:\/\/www.walcordeiro.com.br\/v1\/wp-json\/wp\/v2\/users\/2"}],"replies":[{"embeddable":true,"href":"https:\/\/www.walcordeiro.com.br\/v1\/wp-json\/wp\/v2\/comments?post=67837"}],"version-history":[{"count":1,"href":"https:\/\/www.walcordeiro.com.br\/v1\/wp-json\/wp\/v2\/posts\/67837\/revisions"}],"predecessor-version":[{"id":67838,"href":"https:\/\/www.walcordeiro.com.br\/v1\/wp-json\/wp\/v2\/posts\/67837\/revisions\/67838"}],"wp:attachment":[{"href":"https:\/\/www.walcordeiro.com.br\/v1\/wp-json\/wp\/v2\/media?parent=67837"}],"wp:term":[{"taxonomy":"category","embeddable":true,"href":"https:\/\/www.walcordeiro.com.br\/v1\/wp-json\/wp\/v2\/categories?post=67837"},{"taxonomy":"post_tag","embeddable":true,"href":"https:\/\/www.walcordeiro.com.br\/v1\/wp-json\/wp\/v2\/tags?post=67837"}],"curies":[{"name":"wp","href":"https:\/\/api.w.org\/{rel}","templated":true}]}}