{"id":67748,"date":"2015-06-11T20:23:11","date_gmt":"2015-06-11T23:23:11","guid":{"rendered":"http:\/\/www.walcordeiro.com.br\/v1\/?p=67748"},"modified":"2015-06-11T20:23:11","modified_gmt":"2015-06-11T23:23:11","slug":"conquista-em-disputa-interna-com-pt-democratas-consegue-vaga-no-conselho-municipal-da-juventude","status":"publish","type":"post","link":"https:\/\/www.walcordeiro.com.br\/v1\/2015\/06\/11\/conquista-em-disputa-interna-com-pt-democratas-consegue-vaga-no-conselho-municipal-da-juventude\/","title":{"rendered":"Conquista: Em disputa interna com PT, Democratas consegue vaga no Conselho Municipal da Juventude"},"content":{"rendered":"<p><a class=\"gallery_colorbox cboxElement\" href=\"http:\/\/www.blogdorodrigoferraz.com.br\/v1\/wp-content\/uploads\/2015\/06\/DSC_0817.jpg\"><img loading=\"lazy\" decoding=\"async\" class=\"aligncenter size-full wp-image-53572\" src=\"http:\/\/www.blogdorodrigoferraz.com.br\/v1\/wp-content\/uploads\/2015\/06\/DSC_0817.jpg\" alt=\"DSC_0817\" width=\"420\" height=\"290\" \/><\/a><\/p>\n<p>Ap\u00f3s alguns anos desativado, o Conselho Municipal da Juventude de Vit\u00f3ria da Conquista voltar\u00e1 a funcionar. Das 20 cadeiras titulares, dez ser\u00e3o ocupadas por representantes do poder p\u00fablico e outras dez por representantes da sociedade civil.<\/p>\n<p>Na plen\u00e1ria realizada no \u00faltimo dia 06 de junho, destinada a escolher o representante da entidade pol\u00edtico-partid\u00e1ria, uma das dez cadeiras destinadas a sociedade civil, o Partido Democratas apresentou o presidente da Juventude da legenda, Di\u00eago Gomes, para concorrer a esta vaga.<\/p>\n<p>Ap\u00f3s apresenta\u00e7\u00f5es e debates o membro da JDEM conseguiu o apoio dos partidos PMDB, Solidariedade, PROS, PTC e PTdoB, venceu a disputa contra a candidata do PT por 6 votos a 3 e, assim, vai ocupar uma vaga no conselho.<\/p>\n<p>Segundo Di\u00eago Gomes, \u201cessa vaga, conquistada ap\u00f3s articula\u00e7\u00e3o com diversos partidos, vai possibilitar que a juventude de oposi\u00e7\u00e3o tenha uma voz ativa no Conselho apresentando propostas de pol\u00edticas p\u00fablicas al\u00e9m de cobrar que o poder p\u00fablico municipal saia a campo e busque realizar a\u00e7\u00f5es que realmente tenham o jovem como protagonista\u201d.<!--more--><\/p>\n<p>Joilton Silva, membro do PTC, destacou a elei\u00e7\u00e3o do Conselho e a vit\u00f3ria de um membro da oposi\u00e7\u00e3o na cidade. \u201cTemos o anseio de que com a vaga conquistada por um membro oposicionista vamos ter a certeza que, al\u00e9m da cobran\u00e7a das a\u00e7\u00f5es, o discurso saia do papel e que o poder p\u00fablico veja os jovens com um olhar diferente de como \u00e9 visto na atualidade\u201d.<\/p>\n<p>Segundo o edital que disp\u00f5e sobre as elei\u00e7\u00f5es dos representantes da Sociedade Civil a posse dos novos membros vai ocorrer no pr\u00f3ximo dia 09 de julho e a 1\u00aa reuni\u00e3o do Conselho deve acontecer no dia 15 de julho de 2015. Fonte: Blog do Rodrigo Ferraz<\/p>\n","protected":false},"excerpt":{"rendered":"<p>Ap\u00f3s alguns anos desativado, o Conselho Municipal da Juventude de Vit\u00f3ria da Conquista voltar\u00e1 a funcionar. Das 20 cadeiras titulares, dez ser\u00e3o ocupadas por representantes do poder p\u00fablico e outras dez por representantes da sociedade civil. Na plen\u00e1ria realizada no \u00faltimo dia 06 de junho, destinada a escolher o representante da entidade pol\u00edtico-partid\u00e1ria, uma das dez cadeiras destinadas a sociedade civil, o Partido Democratas apresentou o presidente da Juventude da legenda, Di\u00eago Gomes, para concorrer a esta vaga. Ap\u00f3s apresenta\u00e7\u00f5es e debates o membro da JDEM conseguiu o apoio dos partidos PMDB, Solidariedade, PROS, PTC e PTdoB, venceu a disputa&#8230;<\/p>\n","protected":false},"author":2,"featured_media":0,"comment_status":"open","ping_status":"open","sticky":false,"template":"","format":"standard","meta":{"footnotes":"","_links_to":"","_links_to_target":""},"categories":[6],"tags":[],"class_list":["post-67748","post","type-post","status-publish","format-standard","hentry","category-noticias"],"acf":[],"views":429,"_links":{"self":[{"href":"https:\/\/www.walcordeiro.com.br\/v1\/wp-json\/wp\/v2\/posts\/67748","targetHints":{"allow":["GET"]}}],"collection":[{"href":"https:\/\/www.walcordeiro.com.br\/v1\/wp-json\/wp\/v2\/posts"}],"about":[{"href":"https:\/\/www.walcordeiro.com.br\/v1\/wp-json\/wp\/v2\/types\/post"}],"author":[{"embeddable":true,"href":"https:\/\/www.walcordeiro.com.br\/v1\/wp-json\/wp\/v2\/users\/2"}],"replies":[{"embeddable":true,"href":"https:\/\/www.walcordeiro.com.br\/v1\/wp-json\/wp\/v2\/comments?post=67748"}],"version-history":[{"count":1,"href":"https:\/\/www.walcordeiro.com.br\/v1\/wp-json\/wp\/v2\/posts\/67748\/revisions"}],"predecessor-version":[{"id":67749,"href":"https:\/\/www.walcordeiro.com.br\/v1\/wp-json\/wp\/v2\/posts\/67748\/revisions\/67749"}],"wp:attachment":[{"href":"https:\/\/www.walcordeiro.com.br\/v1\/wp-json\/wp\/v2\/media?parent=67748"}],"wp:term":[{"taxonomy":"category","embeddable":true,"href":"https:\/\/www.walcordeiro.com.br\/v1\/wp-json\/wp\/v2\/categories?post=67748"},{"taxonomy":"post_tag","embeddable":true,"href":"https:\/\/www.walcordeiro.com.br\/v1\/wp-json\/wp\/v2\/tags?post=67748"}],"curies":[{"name":"wp","href":"https:\/\/api.w.org\/{rel}","templated":true}]}}