{"id":67069,"date":"2015-05-09T10:01:02","date_gmt":"2015-05-09T13:01:02","guid":{"rendered":"http:\/\/www.walcordeiro.com.br\/v1\/?p=67069"},"modified":"2015-05-09T10:01:02","modified_gmt":"2015-05-09T13:01:02","slug":"conquista-camara-de-vereadores-fica-lotada-para-cobrar-construcao-do-centro-de-zoonoses","status":"publish","type":"post","link":"https:\/\/www.walcordeiro.com.br\/v1\/2015\/05\/09\/conquista-camara-de-vereadores-fica-lotada-para-cobrar-construcao-do-centro-de-zoonoses\/","title":{"rendered":"Conquista: C\u00e2mara de Vereadores fica lotada para cobrar constru\u00e7\u00e3o do Centro de Zoonoses"},"content":{"rendered":"<p><a class=\"gallery_colorbox cboxElement\" href=\"http:\/\/www.blogdorodrigoferraz.com.br\/v1\/wp-content\/uploads\/2015\/05\/DSC_0531.jpg\"><img loading=\"lazy\" decoding=\"async\" class=\"aligncenter size-full wp-image-50486\" src=\"http:\/\/www.blogdorodrigoferraz.com.br\/v1\/wp-content\/uploads\/2015\/05\/DSC_0531.jpg\" alt=\"DSC_0531\" width=\"490\" height=\"327\" \/><\/a><\/p>\n<p>A C\u00e2mara de Vereadores ficou lotada na noite de hoje (sexta-feira) para discutir e cobrar a constru\u00e7\u00e3o do Centro de Controle de Zoonoses de Vit\u00f3ria da Conquista. Uma audi\u00eancia p\u00fablica, proposta pelo parlamentar Sidney Oliveira, teve o objetivo de reunir autoridades e chamar a aten\u00e7\u00e3o do poder p\u00fablico municipal para que seja realizada a referida obra.<\/p>\n<p>Representantes do Minist\u00e9rio P\u00fablico, Conselho de Medicina Veterin\u00e1ria, al\u00e9m de pol\u00edticos, a exemplo da deputada federal Tia Eron (PRB) e dos deputados estaduais Herzem Gusm\u00e3o (PMDB) e Sildelvan N\u00f3brega (PRB), compareceram a audi\u00eancia.<\/p>\n<p>Ativistas da causa animal tamb\u00e9m aproveitaram a oportunidade para cobrar a constru\u00e7\u00e3o do centro.<\/p>\n<p>Em fevereiro, o legislativo conquistense aprovou a indica\u00e7\u00e3o de constru\u00e7\u00e3o e amplia\u00e7\u00e3o de um Centro de Zoonoses Municipal. Segundo a indica\u00e7\u00e3o, aprovada no dia 6 de fevereiro, o Centro de Zoonoses \u201coferecer\u00e1 servi\u00e7os p\u00fablicos na preven\u00e7\u00e3o de zoonoses, doen\u00e7as transmiss\u00edveis entre animais e seres humanos\u201d.<\/p>\n<p><a class=\"gallery_colorbox cboxElement\" href=\"http:\/\/www.blogdorodrigoferraz.com.br\/v1\/wp-content\/uploads\/2015\/05\/DSC_0534.jpg\"><img loading=\"lazy\" decoding=\"async\" class=\"aligncenter size-full wp-image-50487\" src=\"http:\/\/www.blogdorodrigoferraz.com.br\/v1\/wp-content\/uploads\/2015\/05\/DSC_0534.jpg\" alt=\"DSC_0534\" width=\"490\" height=\"327\" \/><\/a><br \/>\nA indica\u00e7\u00e3o aponta que o Centro de Zoonoses poder\u00e1 atuar no controle de popula\u00e7\u00f5es de animais dom\u00e9sticos como c\u00e3es, gatos e animais de grande porte, e no controle de popula\u00e7\u00f5es de animais sinantr\u00f3picos como morcegos, pombos, ratos, mosquitos, abelhas, entre outros, al\u00e9m de poder promover inspe\u00e7\u00f5es zoosanit\u00e1rias, vacina\u00e7\u00e3o antirr\u00e1bica, castra\u00e7\u00e3o, recolhimento de animais, controle de dengue, acompanhamento de acidentes por maus-tratos, monitoramento de zoonoses, educa\u00e7\u00e3o para a popula\u00e7\u00e3o sobre as principais doen\u00e7as e outros servi\u00e7os. Fonte: Blog do Rodrigo Ferraz<\/p>\n","protected":false},"excerpt":{"rendered":"<p>A C\u00e2mara de Vereadores ficou lotada na noite de hoje (sexta-feira) para discutir e cobrar a constru\u00e7\u00e3o do Centro de Controle de Zoonoses de Vit\u00f3ria da Conquista. Uma audi\u00eancia p\u00fablica, proposta pelo parlamentar Sidney Oliveira, teve o objetivo de reunir autoridades e chamar a aten\u00e7\u00e3o do poder p\u00fablico municipal para que seja realizada a referida obra. Representantes do Minist\u00e9rio P\u00fablico, Conselho de Medicina Veterin\u00e1ria, al\u00e9m de pol\u00edticos, a exemplo da deputada federal Tia Eron (PRB) e dos deputados estaduais Herzem Gusm\u00e3o (PMDB) e Sildelvan N\u00f3brega (PRB), compareceram a audi\u00eancia. Ativistas da causa animal tamb\u00e9m aproveitaram a oportunidade para cobrar a&#8230;<\/p>\n","protected":false},"author":2,"featured_media":0,"comment_status":"open","ping_status":"open","sticky":false,"template":"","format":"standard","meta":{"footnotes":"","_links_to":"","_links_to_target":""},"categories":[6],"tags":[],"class_list":["post-67069","post","type-post","status-publish","format-standard","hentry","category-noticias"],"acf":[],"views":510,"_links":{"self":[{"href":"https:\/\/www.walcordeiro.com.br\/v1\/wp-json\/wp\/v2\/posts\/67069","targetHints":{"allow":["GET"]}}],"collection":[{"href":"https:\/\/www.walcordeiro.com.br\/v1\/wp-json\/wp\/v2\/posts"}],"about":[{"href":"https:\/\/www.walcordeiro.com.br\/v1\/wp-json\/wp\/v2\/types\/post"}],"author":[{"embeddable":true,"href":"https:\/\/www.walcordeiro.com.br\/v1\/wp-json\/wp\/v2\/users\/2"}],"replies":[{"embeddable":true,"href":"https:\/\/www.walcordeiro.com.br\/v1\/wp-json\/wp\/v2\/comments?post=67069"}],"version-history":[{"count":1,"href":"https:\/\/www.walcordeiro.com.br\/v1\/wp-json\/wp\/v2\/posts\/67069\/revisions"}],"predecessor-version":[{"id":67070,"href":"https:\/\/www.walcordeiro.com.br\/v1\/wp-json\/wp\/v2\/posts\/67069\/revisions\/67070"}],"wp:attachment":[{"href":"https:\/\/www.walcordeiro.com.br\/v1\/wp-json\/wp\/v2\/media?parent=67069"}],"wp:term":[{"taxonomy":"category","embeddable":true,"href":"https:\/\/www.walcordeiro.com.br\/v1\/wp-json\/wp\/v2\/categories?post=67069"},{"taxonomy":"post_tag","embeddable":true,"href":"https:\/\/www.walcordeiro.com.br\/v1\/wp-json\/wp\/v2\/tags?post=67069"}],"curies":[{"name":"wp","href":"https:\/\/api.w.org\/{rel}","templated":true}]}}