{"id":66609,"date":"2015-04-20T21:33:29","date_gmt":"2015-04-21T00:33:29","guid":{"rendered":"http:\/\/www.walcordeiro.com.br\/v1\/?p=66609"},"modified":"2015-04-20T21:33:29","modified_gmt":"2015-04-21T00:33:29","slug":"estudante-de-13-anos-mata-professor-e-fere-quatro-pessoas-em-barcelona","status":"publish","type":"post","link":"https:\/\/www.walcordeiro.com.br\/v1\/2015\/04\/20\/estudante-de-13-anos-mata-professor-e-fere-quatro-pessoas-em-barcelona\/","title":{"rendered":"Estudante de 13 anos mata professor e fere quatro pessoas em Barcelona"},"content":{"rendered":"<p>Um estudante de 13 anos matou um professor e feriu outros dois mestres e dois colegas na manh\u00e3 desta segunda-feira (20) no Instituto Joan Fuster, em Barcelona, na Espanha. Segundo informa\u00e7\u00f5es do jornal Folha de S. Paulo, o jovem entrou no col\u00e9gio que abriga alunos de ensino m\u00e9dio, com uma balestra (arma composta por arco e dardos), um punhal e uma pistola. Ele chegou \u00e0s 9h (5h em Bras\u00edlia), uma hora atrasado, e assim que teve permiss\u00e3o para assistir a aula de espanhol, disparou um dardo contra a professora. Ele tamb\u00e9m apunhalou a filha da docente, o que levou aos alunos a gritarem na sala de aula, chamando a aten\u00e7\u00e3o de um professor de Ci\u00eancias Sociais, que foi atingido por um dardo no abd\u00f4men e morreu na hora. Na sequ\u00eancia, o adolescente ainda feriu outro estudante, de 14 anos, e uma terceira professora. Os feridos foram encaminhados para um hospital da cidade e devem receber alta ainda nesta segunda. A pol\u00edcia catal\u00e3, a Mossos D\u2019Esquadra, deteve o rapaz, que n\u00e3o poder\u00e1, no entanto, responder pelos crimes de homic\u00eddio e les\u00e3o corporal por ser menor de 14 anos, idade da maioridade penal no pa\u00eds. Ainda de acordo com Folha, colegas afirmaram que o menino tinha uma lista de 25 professores que mataria, antes de cometer suic\u00eddio, por\u00e9m suas afirma\u00e7\u00f5es n\u00e3o eram levadas a s\u00e9rio.<\/p>\n","protected":false},"excerpt":{"rendered":"<p>Um estudante de 13 anos matou um professor e feriu outros dois mestres e dois colegas na manh\u00e3 desta segunda-feira (20) no Instituto Joan Fuster, em Barcelona, na Espanha. Segundo informa\u00e7\u00f5es do jornal Folha de S. Paulo, o jovem entrou no col\u00e9gio que abriga alunos de ensino m\u00e9dio, com uma balestra (arma composta por arco e dardos), um punhal e uma pistola. Ele chegou \u00e0s 9h (5h em Bras\u00edlia), uma hora atrasado, e assim que teve permiss\u00e3o para assistir a aula de espanhol, disparou um dardo contra a professora. Ele tamb\u00e9m apunhalou a filha da docente, o que levou aos&#8230;<\/p>\n","protected":false},"author":2,"featured_media":0,"comment_status":"open","ping_status":"open","sticky":false,"template":"","format":"standard","meta":{"footnotes":"","_links_to":"","_links_to_target":""},"categories":[6],"tags":[],"class_list":["post-66609","post","type-post","status-publish","format-standard","hentry","category-noticias"],"acf":[],"views":512,"_links":{"self":[{"href":"https:\/\/www.walcordeiro.com.br\/v1\/wp-json\/wp\/v2\/posts\/66609","targetHints":{"allow":["GET"]}}],"collection":[{"href":"https:\/\/www.walcordeiro.com.br\/v1\/wp-json\/wp\/v2\/posts"}],"about":[{"href":"https:\/\/www.walcordeiro.com.br\/v1\/wp-json\/wp\/v2\/types\/post"}],"author":[{"embeddable":true,"href":"https:\/\/www.walcordeiro.com.br\/v1\/wp-json\/wp\/v2\/users\/2"}],"replies":[{"embeddable":true,"href":"https:\/\/www.walcordeiro.com.br\/v1\/wp-json\/wp\/v2\/comments?post=66609"}],"version-history":[{"count":1,"href":"https:\/\/www.walcordeiro.com.br\/v1\/wp-json\/wp\/v2\/posts\/66609\/revisions"}],"predecessor-version":[{"id":66610,"href":"https:\/\/www.walcordeiro.com.br\/v1\/wp-json\/wp\/v2\/posts\/66609\/revisions\/66610"}],"wp:attachment":[{"href":"https:\/\/www.walcordeiro.com.br\/v1\/wp-json\/wp\/v2\/media?parent=66609"}],"wp:term":[{"taxonomy":"category","embeddable":true,"href":"https:\/\/www.walcordeiro.com.br\/v1\/wp-json\/wp\/v2\/categories?post=66609"},{"taxonomy":"post_tag","embeddable":true,"href":"https:\/\/www.walcordeiro.com.br\/v1\/wp-json\/wp\/v2\/tags?post=66609"}],"curies":[{"name":"wp","href":"https:\/\/api.w.org\/{rel}","templated":true}]}}