{"id":6576,"date":"2010-04-17T18:24:27","date_gmt":"2010-04-17T21:24:27","guid":{"rendered":"http:\/\/www.walcordeiro.com.br\/v1\/?p=6576"},"modified":"2010-04-17T18:24:27","modified_gmt":"2010-04-17T21:24:27","slug":"caminhao-tomba-e-pega-fogo-na-br-116-perto-de-itaitim","status":"publish","type":"post","link":"https:\/\/www.walcordeiro.com.br\/v1\/2010\/04\/17\/caminhao-tomba-e-pega-fogo-na-br-116-perto-de-itaitim\/","title":{"rendered":"Caminh\u00e3o tomba e pega fogo na BR-116, perto de Itaitim"},"content":{"rendered":"<p>Um caminh\u00e3o pegou fogo depois de tombar ao fazer uma ultrapassagem proibida na madrugada deste s\u00e1bado (17) na BR-116, pr\u00f3ximo a Itatiim.<\/p>\n<p>Segundo a Policia Rodovi\u00e1ria Federal (PRF), o caminh\u00e3o seguia de S\u00e3o Paulo para Petrolina, em Pernambuco, quando tentou ultrapassar outro caminh\u00e3o que seguia para Salvador, no km 528. Durante a manobra, o caminh\u00e3o tombou e pegou fogo. Toda carga de material pl\u00e1stico derramou sobre a pista. A estrada ficou interditada nos dois sentidos.<\/p>\n<p>O acidente aconteceu por volta de 1h da manh\u00e3. Tr\u00eas horas depois, a PRF conseguiu retirar os ve\u00edculos, com apoio da Via Bahia, que utilizou um caminh\u00e3o pipa para controlar o fogo. Parte do material ainda era retirada com um trator nesta tarde, enquanto o tr\u00e1fego permanecia apenas em meia pista.<!--more--><\/p>\n<p>O motorista do caminh\u00e3o que causou o acidente, Jos\u00e9 Elias Bezerra, 66 anos, teve les\u00f5es leves. O outro motorista n\u00e3o ficou ferido. Com informa\u00e7\u00f5es da TV Bahia.<\/p>\n","protected":false},"excerpt":{"rendered":"<p>Um caminh\u00e3o pegou fogo depois de tombar ao fazer uma ultrapassagem proibida na madrugada deste s\u00e1bado (17) na BR-116, pr\u00f3ximo a Itatiim. Segundo a Policia Rodovi\u00e1ria Federal (PRF), o caminh\u00e3o seguia de S\u00e3o Paulo para Petrolina, em Pernambuco, quando tentou ultrapassar outro caminh\u00e3o que seguia para Salvador, no km 528. Durante a manobra, o caminh\u00e3o tombou e pegou fogo. Toda carga de material pl\u00e1stico derramou sobre a pista. A estrada ficou interditada nos dois sentidos. O acidente aconteceu por volta de 1h da manh\u00e3. Tr\u00eas horas depois, a PRF conseguiu retirar os ve\u00edculos, com apoio da Via Bahia, que utilizou&#8230;<\/p>\n","protected":false},"author":2,"featured_media":0,"comment_status":"open","ping_status":"open","sticky":false,"template":"","format":"standard","meta":{"footnotes":"","_links_to":"","_links_to_target":""},"categories":[6],"tags":[123,1504],"class_list":["post-6576","post","type-post","status-publish","format-standard","hentry","category-noticias","tag-acidente","tag-br-116"],"acf":[],"views":777,"_links":{"self":[{"href":"https:\/\/www.walcordeiro.com.br\/v1\/wp-json\/wp\/v2\/posts\/6576","targetHints":{"allow":["GET"]}}],"collection":[{"href":"https:\/\/www.walcordeiro.com.br\/v1\/wp-json\/wp\/v2\/posts"}],"about":[{"href":"https:\/\/www.walcordeiro.com.br\/v1\/wp-json\/wp\/v2\/types\/post"}],"author":[{"embeddable":true,"href":"https:\/\/www.walcordeiro.com.br\/v1\/wp-json\/wp\/v2\/users\/2"}],"replies":[{"embeddable":true,"href":"https:\/\/www.walcordeiro.com.br\/v1\/wp-json\/wp\/v2\/comments?post=6576"}],"version-history":[{"count":1,"href":"https:\/\/www.walcordeiro.com.br\/v1\/wp-json\/wp\/v2\/posts\/6576\/revisions"}],"predecessor-version":[{"id":6577,"href":"https:\/\/www.walcordeiro.com.br\/v1\/wp-json\/wp\/v2\/posts\/6576\/revisions\/6577"}],"wp:attachment":[{"href":"https:\/\/www.walcordeiro.com.br\/v1\/wp-json\/wp\/v2\/media?parent=6576"}],"wp:term":[{"taxonomy":"category","embeddable":true,"href":"https:\/\/www.walcordeiro.com.br\/v1\/wp-json\/wp\/v2\/categories?post=6576"},{"taxonomy":"post_tag","embeddable":true,"href":"https:\/\/www.walcordeiro.com.br\/v1\/wp-json\/wp\/v2\/tags?post=6576"}],"curies":[{"name":"wp","href":"https:\/\/api.w.org\/{rel}","templated":true}]}}