{"id":65582,"date":"2015-03-06T15:16:41","date_gmt":"2015-03-06T18:16:41","guid":{"rendered":"http:\/\/www.walcordeiro.com.br\/v1\/?p=65582"},"modified":"2015-03-06T15:16:41","modified_gmt":"2015-03-06T18:16:41","slug":"metade-das-prefeituras-reduziu-profissionais-apos-1-ano-de-mais-medicos-justificativa-e-cobrada","status":"publish","type":"post","link":"https:\/\/www.walcordeiro.com.br\/v1\/2015\/03\/06\/metade-das-prefeituras-reduziu-profissionais-apos-1-ano-de-mais-medicos-justificativa-e-cobrada\/","title":{"rendered":"Metade das prefeituras reduziu profissionais ap\u00f3s 1 ano de Mais M\u00e9dicos; justificativa \u00e9 cobrada"},"content":{"rendered":"<div class=\"align-center\">\n<div class=\"imgNoticia clear\"><img decoding=\"async\" title=\"Metade das prefeituras reduziu profissionais ap\u00f3s 1 ano de Mais M\u00e9dicos; justificativa \u00e9 cobrada\" src=\"http:\/\/www.bahianoticias.com.br\/fotos\/saude_noticias\/13863\/xIMAGEM_NOTICIA_5.jpg.pagespeed.ic.Nnt4sEtM2J.jpg\" alt=\"Metade das prefeituras reduziu profissionais ap\u00f3s 1 ano de Mais M\u00e9dicos; justificativa \u00e9 cobrada\" \/><\/p>\n<div class=\"tooltip-text\">Foto: Divulga\u00e7\u00e3o<\/div>\n<\/div>\n<div class=\"clear\"><\/div>\n<\/div>\n<div class=\"editor clear\">Quase metade (49%) das cidades que receberam profissionais do Mais M\u00e9dicos reduziram a quantidade de m\u00e9dicos n\u00e3o ligados ao programa na rede p\u00fablica municipal ap\u00f3s um ano da ades\u00e3o. Por conta disso, nesta sexta-feira (6), o Minist\u00e9rio da Sa\u00fade notificou os munic\u00edpios com a solicita\u00e7\u00e3o de justificativas t\u00e9cnicas para o problema. Ainda h\u00e1 informa\u00e7\u00f5es, segundo a Folha de S. Paulo, que ao menos um de cada tr\u00eas m\u00e9dicos do programa trabalhava sem a supervis\u00e3o estabelecida. As irregularidades foram constatadas em uma auditoria do Tribunal de Contas da Uni\u00e3o (TCU). Para o \u00f3rg\u00e3o, n\u00e3o h\u00e1 um monitoramento adequado &#8220;para assegurar que os munic\u00edpios n\u00e3o substituam m\u00e9dicos que j\u00e1 compunham equipes de aten\u00e7\u00e3o b\u00e1sica pelos participantes do projeto nem que haja redu\u00e7\u00e3o do n\u00famero de equipes&#8221;. No entanto, o governo negou que profissionais trabalhem sem supervis\u00e3o. &#8220;Atualmente, a m\u00e9dia de supervisores atende o que \u00e9 preconizado&#8221;, disse em nota. Fonte: Bahia Noticias<\/div>\n","protected":false},"excerpt":{"rendered":"<p>Foto: Divulga\u00e7\u00e3o Quase metade (49%) das cidades que receberam profissionais do Mais M\u00e9dicos reduziram a quantidade de m\u00e9dicos n\u00e3o ligados ao programa na rede p\u00fablica municipal ap\u00f3s um ano da ades\u00e3o. Por conta disso, nesta sexta-feira (6), o Minist\u00e9rio da Sa\u00fade notificou os munic\u00edpios com a solicita\u00e7\u00e3o de justificativas t\u00e9cnicas para o problema. Ainda h\u00e1 informa\u00e7\u00f5es, segundo a Folha de S. Paulo, que ao menos um de cada tr\u00eas m\u00e9dicos do programa trabalhava sem a supervis\u00e3o estabelecida. As irregularidades foram constatadas em uma auditoria do Tribunal de Contas da Uni\u00e3o (TCU). Para o \u00f3rg\u00e3o, n\u00e3o h\u00e1 um monitoramento adequado &#8220;para&#8230;<\/p>\n","protected":false},"author":2,"featured_media":0,"comment_status":"open","ping_status":"open","sticky":false,"template":"","format":"standard","meta":{"footnotes":"","_links_to":"","_links_to_target":""},"categories":[6],"tags":[],"class_list":["post-65582","post","type-post","status-publish","format-standard","hentry","category-noticias"],"acf":[],"views":562,"_links":{"self":[{"href":"https:\/\/www.walcordeiro.com.br\/v1\/wp-json\/wp\/v2\/posts\/65582","targetHints":{"allow":["GET"]}}],"collection":[{"href":"https:\/\/www.walcordeiro.com.br\/v1\/wp-json\/wp\/v2\/posts"}],"about":[{"href":"https:\/\/www.walcordeiro.com.br\/v1\/wp-json\/wp\/v2\/types\/post"}],"author":[{"embeddable":true,"href":"https:\/\/www.walcordeiro.com.br\/v1\/wp-json\/wp\/v2\/users\/2"}],"replies":[{"embeddable":true,"href":"https:\/\/www.walcordeiro.com.br\/v1\/wp-json\/wp\/v2\/comments?post=65582"}],"version-history":[{"count":1,"href":"https:\/\/www.walcordeiro.com.br\/v1\/wp-json\/wp\/v2\/posts\/65582\/revisions"}],"predecessor-version":[{"id":65583,"href":"https:\/\/www.walcordeiro.com.br\/v1\/wp-json\/wp\/v2\/posts\/65582\/revisions\/65583"}],"wp:attachment":[{"href":"https:\/\/www.walcordeiro.com.br\/v1\/wp-json\/wp\/v2\/media?parent=65582"}],"wp:term":[{"taxonomy":"category","embeddable":true,"href":"https:\/\/www.walcordeiro.com.br\/v1\/wp-json\/wp\/v2\/categories?post=65582"},{"taxonomy":"post_tag","embeddable":true,"href":"https:\/\/www.walcordeiro.com.br\/v1\/wp-json\/wp\/v2\/tags?post=65582"}],"curies":[{"name":"wp","href":"https:\/\/api.w.org\/{rel}","templated":true}]}}