{"id":65565,"date":"2015-03-05T15:55:50","date_gmt":"2015-03-05T18:55:50","guid":{"rendered":"http:\/\/www.walcordeiro.com.br\/v1\/?p=65565"},"modified":"2015-03-05T15:55:50","modified_gmt":"2015-03-05T18:55:50","slug":"economia-do-brasil-perdeu-em-2-anos-muito-do-que-conquisto-em-10-diz-ibef","status":"publish","type":"post","link":"https:\/\/www.walcordeiro.com.br\/v1\/2015\/03\/05\/economia-do-brasil-perdeu-em-2-anos-muito-do-que-conquisto-em-10-diz-ibef\/","title":{"rendered":"Economia do Brasil perdeu em 2 anos muito do que conquisto em 10, diz Ibef"},"content":{"rendered":"<p class=\"credito_imagem\">Foto: Reprodu\u00e7\u00e3o<\/p>\n<p><img decoding=\"async\" src=\"http:\/\/www.politicalivre.com.br\/wp-content\/thumbgen_cache\/acdb643fd91708d02bca1552d6f7d89c.jpg\" alt=\"\" \/><\/p>\n<p>A economia brasileira, nos \u00faltimos dois anos, perdeu muito do que conquistou na \u00faltima d\u00e9cada e, pior, agravou os dados negativos. A afirma\u00e7\u00e3o foi feita nesta quinta-feira, 5, pelo presidente reeleito do Conselho de Administra\u00e7\u00e3o do Instituto Brasileiro de Executivos de Finan\u00e7as (Ibef) S\u00e3o Paulo, Henrique Luz. \u201cH\u00e1 dois anos, no meu discurso de posse na diretoria do Ibef, eu falava do crescimento p\u00edfio da economia, da necessidade de o Pa\u00eds investir em educa\u00e7\u00e3o, da escassez de m\u00e3o de obra qualificada e da deteriora\u00e7\u00e3o da pol\u00edtica fiscal\u201d, disse o executivo durante discurso de posse como presidente do Conselho de Administra\u00e7\u00e3o do Ibef para o bi\u00eanio 2015\/2017. Hoje, pontuou Luz, \u201ctemos uma s\u00e9rie de esc\u00e2ndalos no Congresso e enfraquecimento pol\u00edtico do governo\u201d. \u201cN\u00e3o falamos hoje de crescimento p\u00edfio, mas de retra\u00e7\u00e3o econ\u00f4mica\u201d, lamentou o executivo. Para ele, o desafio para a nova diretoria do Ibef \u00e9 procurar respostas para os associados, o que se dar\u00e1 em um ambiente mais desafiador e de desenvolvimento digital, o que exige mais velocidade nas decis\u00f5es. Fonte: Pol\u00edtica Livre<\/p>\n","protected":false},"excerpt":{"rendered":"<p>Foto: Reprodu\u00e7\u00e3o A economia brasileira, nos \u00faltimos dois anos, perdeu muito do que conquistou na \u00faltima d\u00e9cada e, pior, agravou os dados negativos. A afirma\u00e7\u00e3o foi feita nesta quinta-feira, 5, pelo presidente reeleito do Conselho de Administra\u00e7\u00e3o do Instituto Brasileiro de Executivos de Finan\u00e7as (Ibef) S\u00e3o Paulo, Henrique Luz. \u201cH\u00e1 dois anos, no meu discurso de posse na diretoria do Ibef, eu falava do crescimento p\u00edfio da economia, da necessidade de o Pa\u00eds investir em educa\u00e7\u00e3o, da escassez de m\u00e3o de obra qualificada e da deteriora\u00e7\u00e3o da pol\u00edtica fiscal\u201d, disse o executivo durante discurso de posse como presidente do Conselho&#8230;<\/p>\n","protected":false},"author":2,"featured_media":0,"comment_status":"open","ping_status":"open","sticky":false,"template":"","format":"standard","meta":{"footnotes":"","_links_to":"","_links_to_target":""},"categories":[6],"tags":[],"class_list":["post-65565","post","type-post","status-publish","format-standard","hentry","category-noticias"],"acf":[],"views":580,"_links":{"self":[{"href":"https:\/\/www.walcordeiro.com.br\/v1\/wp-json\/wp\/v2\/posts\/65565","targetHints":{"allow":["GET"]}}],"collection":[{"href":"https:\/\/www.walcordeiro.com.br\/v1\/wp-json\/wp\/v2\/posts"}],"about":[{"href":"https:\/\/www.walcordeiro.com.br\/v1\/wp-json\/wp\/v2\/types\/post"}],"author":[{"embeddable":true,"href":"https:\/\/www.walcordeiro.com.br\/v1\/wp-json\/wp\/v2\/users\/2"}],"replies":[{"embeddable":true,"href":"https:\/\/www.walcordeiro.com.br\/v1\/wp-json\/wp\/v2\/comments?post=65565"}],"version-history":[{"count":1,"href":"https:\/\/www.walcordeiro.com.br\/v1\/wp-json\/wp\/v2\/posts\/65565\/revisions"}],"predecessor-version":[{"id":65566,"href":"https:\/\/www.walcordeiro.com.br\/v1\/wp-json\/wp\/v2\/posts\/65565\/revisions\/65566"}],"wp:attachment":[{"href":"https:\/\/www.walcordeiro.com.br\/v1\/wp-json\/wp\/v2\/media?parent=65565"}],"wp:term":[{"taxonomy":"category","embeddable":true,"href":"https:\/\/www.walcordeiro.com.br\/v1\/wp-json\/wp\/v2\/categories?post=65565"},{"taxonomy":"post_tag","embeddable":true,"href":"https:\/\/www.walcordeiro.com.br\/v1\/wp-json\/wp\/v2\/tags?post=65565"}],"curies":[{"name":"wp","href":"https:\/\/api.w.org\/{rel}","templated":true}]}}