{"id":65078,"date":"2015-02-12T09:13:39","date_gmt":"2015-02-12T12:13:39","guid":{"rendered":"http:\/\/www.walcordeiro.com.br\/v1\/?p=65078"},"modified":"2015-02-12T09:13:39","modified_gmt":"2015-02-12T12:13:39","slug":"lava-jato-baiano-dono-da-utc-assina-acordo-de-delacao-premiada","status":"publish","type":"post","link":"https:\/\/www.walcordeiro.com.br\/v1\/2015\/02\/12\/lava-jato-baiano-dono-da-utc-assina-acordo-de-delacao-premiada\/","title":{"rendered":"Lava Jato: Baiano dono da UTC assina acordo de dela\u00e7\u00e3o premiada"},"content":{"rendered":"<div class=\"align-center\">\n<div class=\"imgNoticia clear\"><img decoding=\"async\" title=\"Baiano dono da UTC assina acordo de dela\u00e7\u00e3o premiada\" src=\"http:\/\/www.bahianoticias.com.br\/fotos\/principal_noticias\/167336\/xIMAGEM_NOTICIA_5.jpg.pagespeed.ic.Ad5N3MFEuR.jpg\" alt=\"Baiano dono da UTC assina acordo de dela\u00e7\u00e3o premiada\" \/><\/p>\n<div class=\"tooltip-text\">Foto: Reprodu\u00e7\u00e3o<\/div>\n<\/div>\n<div class=\"clear\"><\/div>\n<\/div>\n<div class=\"editor clear\">O baiano Ricardo Pessoa, dono da UTC, assinou, na quarta-feira (11), o seu acordo de dela\u00e7\u00e3o premiada como o Minist\u00e9rio P\u00fablico Federal. De acordo com a Veja, Pessoa, que \u00e9 investigado na Opera\u00e7\u00e3o Lava Jato, pode tirar o sono de muito pol\u00edtico com a sua dela\u00e7\u00e3o. Entre as testemunhas, o empreitero elencou, entre outros, o ex-governador da Bahia, Jaques Wagner, o deputado Jutahy Magalh\u00e3es J\u00fanior (PSDB), o ex-ministro Paulo Bernardo, Arlindo Chinaglia , Paulinho da For\u00e7a, Arnaldo Jardim, Jorge Tadeu Mudalem e Jos\u00e9 de Filippi J\u00fanior, ex-tesoureiro da campanha de reelei\u00e7\u00e3o de Lula, em 2006, e da primeira campanha de Dilma Rousseff, em 2010. Fonte: Bahia Noticias<\/div>\n","protected":false},"excerpt":{"rendered":"<p>Foto: Reprodu\u00e7\u00e3o O baiano Ricardo Pessoa, dono da UTC, assinou, na quarta-feira (11), o seu acordo de dela\u00e7\u00e3o premiada como o Minist\u00e9rio P\u00fablico Federal. De acordo com a Veja, Pessoa, que \u00e9 investigado na Opera\u00e7\u00e3o Lava Jato, pode tirar o sono de muito pol\u00edtico com a sua dela\u00e7\u00e3o. Entre as testemunhas, o empreitero elencou, entre outros, o ex-governador da Bahia, Jaques Wagner, o deputado Jutahy Magalh\u00e3es J\u00fanior (PSDB), o ex-ministro Paulo Bernardo, Arlindo Chinaglia , Paulinho da For\u00e7a, Arnaldo Jardim, Jorge Tadeu Mudalem e Jos\u00e9 de Filippi J\u00fanior, ex-tesoureiro da campanha de reelei\u00e7\u00e3o de Lula, em 2006, e da primeira&#8230;<\/p>\n","protected":false},"author":2,"featured_media":0,"comment_status":"open","ping_status":"open","sticky":false,"template":"","format":"standard","meta":{"footnotes":"","_links_to":"","_links_to_target":""},"categories":[6],"tags":[],"class_list":["post-65078","post","type-post","status-publish","format-standard","hentry","category-noticias"],"acf":[],"views":381,"_links":{"self":[{"href":"https:\/\/www.walcordeiro.com.br\/v1\/wp-json\/wp\/v2\/posts\/65078","targetHints":{"allow":["GET"]}}],"collection":[{"href":"https:\/\/www.walcordeiro.com.br\/v1\/wp-json\/wp\/v2\/posts"}],"about":[{"href":"https:\/\/www.walcordeiro.com.br\/v1\/wp-json\/wp\/v2\/types\/post"}],"author":[{"embeddable":true,"href":"https:\/\/www.walcordeiro.com.br\/v1\/wp-json\/wp\/v2\/users\/2"}],"replies":[{"embeddable":true,"href":"https:\/\/www.walcordeiro.com.br\/v1\/wp-json\/wp\/v2\/comments?post=65078"}],"version-history":[{"count":1,"href":"https:\/\/www.walcordeiro.com.br\/v1\/wp-json\/wp\/v2\/posts\/65078\/revisions"}],"predecessor-version":[{"id":65079,"href":"https:\/\/www.walcordeiro.com.br\/v1\/wp-json\/wp\/v2\/posts\/65078\/revisions\/65079"}],"wp:attachment":[{"href":"https:\/\/www.walcordeiro.com.br\/v1\/wp-json\/wp\/v2\/media?parent=65078"}],"wp:term":[{"taxonomy":"category","embeddable":true,"href":"https:\/\/www.walcordeiro.com.br\/v1\/wp-json\/wp\/v2\/categories?post=65078"},{"taxonomy":"post_tag","embeddable":true,"href":"https:\/\/www.walcordeiro.com.br\/v1\/wp-json\/wp\/v2\/tags?post=65078"}],"curies":[{"name":"wp","href":"https:\/\/api.w.org\/{rel}","templated":true}]}}