{"id":64369,"date":"2015-01-14T10:40:12","date_gmt":"2015-01-14T13:40:12","guid":{"rendered":"http:\/\/www.walcordeiro.com.br\/v1\/?p=64369"},"modified":"2015-01-14T10:40:12","modified_gmt":"2015-01-14T13:40:12","slug":"turista-paulista-morre-afogada-em-itacare-durante-greve-de-salva-vidas","status":"publish","type":"post","link":"https:\/\/www.walcordeiro.com.br\/v1\/2015\/01\/14\/turista-paulista-morre-afogada-em-itacare-durante-greve-de-salva-vidas\/","title":{"rendered":"Turista paulista morre afogada em Itacar\u00e9 durante greve de salva-vidas"},"content":{"rendered":"<p><em><strong>Correio<\/strong><\/em><\/p>\n<p class=\"bodytext\">Uma turista morreu afogada no fim da manh\u00e3 da \u00faltima segunda-feira (12), na Praia da Costa, em Itacar\u00e9, munic\u00edpio a 250 quil\u00f4metros de Salvador. De acordo com informa\u00e7\u00f5es da Pol\u00edcia Militar da cidade, Miriam dos Santos Oliveira, 36 anos, morreu ap\u00f3s salvar suas duas filhas, que tamb\u00e9m estavam se afogando.<\/p>\n<table class=\"middle\" summary=\"\">\n<thead>\n<tr>\n<th scope=\"col\">\n<p class=\"bodytext\"><img loading=\"lazy\" decoding=\"async\" class=\"\" src=\"http:\/\/w1.c24hsttc.net\/uploads\/RTEmagicC_praiadacosta_itacare.jpg.jpg\" alt=\"\" width=\"415\" height=\"301\" \/><\/p>\n<\/th>\n<\/tr>\n<\/thead>\n<tbody>\n<tr>\n<td>\n<p class=\"bodytext\"><strong>Turista paulista morre afogada em Itacar\u00e9 durante greve de salva-vidas.<\/strong><br \/>\n<strong>(Foto: Reprodu\u00e7\u00e3o)<\/strong><\/p>\n<\/td>\n<\/tr>\n<\/tbody>\n<\/table>\n<p class=\"bodytext\">Ainda segundo a Pol\u00edcia Militar, o caso aconteceu por volta das 12h30. Ela conseguiu salvar as meninas, mas acabou engolindo muita \u00e1gua e se afogou.<\/p>\n<p class=\"bodytext\">A Pol\u00edcia n\u00e3o informou quem est\u00e1 respons\u00e1vel pelo\u00a0traslado do corpo da turista, que era natural\u00a0da cidade de Carapicu\u00edba, localizada no estado de S\u00e3o Paulo, ou com quem as filhas da v\u00edtima est\u00e3o.<\/p>\n<p class=\"bodytext\">Greve dos salva-vidas<br \/>\nEsse \u00e9 o primeiro caso de afogamento em praias de Itacar\u00e9 desde o come\u00e7o da greve dos salva-vidas da cidade, iniciada em 10 de dezembro de 2014. A greve come\u00e7ou por falta de pagamento de sal\u00e1rios e falta de estrutura de trabalho, segundo informa a Associa\u00e7\u00e3o dos Salva Vidas de Itacar\u00e9.<\/p>\n<p class=\"bodytext\">J\u00e1 a Prefeitura de Itacar\u00e9 afirma que os sal\u00e1rios est\u00e3o em dia, com exce\u00e7\u00e3o do pagamento da segunda parcela do 13\u00ba sal\u00e1rio. Apesar da morte da turista, a greve dos salva-vidas continua.<\/p>\n","protected":false},"excerpt":{"rendered":"<p>Correio Uma turista morreu afogada no fim da manh\u00e3 da \u00faltima segunda-feira (12), na Praia da Costa, em Itacar\u00e9, munic\u00edpio a 250 quil\u00f4metros de Salvador. De acordo com informa\u00e7\u00f5es da Pol\u00edcia Militar da cidade, Miriam dos Santos Oliveira, 36 anos, morreu ap\u00f3s salvar suas duas filhas, que tamb\u00e9m estavam se afogando. Turista paulista morre afogada em Itacar\u00e9 durante greve de salva-vidas. (Foto: Reprodu\u00e7\u00e3o) Ainda segundo a Pol\u00edcia Militar, o caso aconteceu por volta das 12h30. Ela conseguiu salvar as meninas, mas acabou engolindo muita \u00e1gua e se afogou. A Pol\u00edcia n\u00e3o informou quem est\u00e1 respons\u00e1vel pelo\u00a0traslado do corpo da turista,&#8230;<\/p>\n","protected":false},"author":2,"featured_media":0,"comment_status":"open","ping_status":"open","sticky":false,"template":"","format":"standard","meta":{"footnotes":"","_links_to":"","_links_to_target":""},"categories":[6],"tags":[],"class_list":["post-64369","post","type-post","status-publish","format-standard","hentry","category-noticias"],"acf":[],"views":511,"_links":{"self":[{"href":"https:\/\/www.walcordeiro.com.br\/v1\/wp-json\/wp\/v2\/posts\/64369","targetHints":{"allow":["GET"]}}],"collection":[{"href":"https:\/\/www.walcordeiro.com.br\/v1\/wp-json\/wp\/v2\/posts"}],"about":[{"href":"https:\/\/www.walcordeiro.com.br\/v1\/wp-json\/wp\/v2\/types\/post"}],"author":[{"embeddable":true,"href":"https:\/\/www.walcordeiro.com.br\/v1\/wp-json\/wp\/v2\/users\/2"}],"replies":[{"embeddable":true,"href":"https:\/\/www.walcordeiro.com.br\/v1\/wp-json\/wp\/v2\/comments?post=64369"}],"version-history":[{"count":1,"href":"https:\/\/www.walcordeiro.com.br\/v1\/wp-json\/wp\/v2\/posts\/64369\/revisions"}],"predecessor-version":[{"id":64370,"href":"https:\/\/www.walcordeiro.com.br\/v1\/wp-json\/wp\/v2\/posts\/64369\/revisions\/64370"}],"wp:attachment":[{"href":"https:\/\/www.walcordeiro.com.br\/v1\/wp-json\/wp\/v2\/media?parent=64369"}],"wp:term":[{"taxonomy":"category","embeddable":true,"href":"https:\/\/www.walcordeiro.com.br\/v1\/wp-json\/wp\/v2\/categories?post=64369"},{"taxonomy":"post_tag","embeddable":true,"href":"https:\/\/www.walcordeiro.com.br\/v1\/wp-json\/wp\/v2\/tags?post=64369"}],"curies":[{"name":"wp","href":"https:\/\/api.w.org\/{rel}","templated":true}]}}