{"id":63277,"date":"2014-11-13T10:39:43","date_gmt":"2014-11-13T13:39:43","guid":{"rendered":"http:\/\/www.walcordeiro.com.br\/v1\/?p=63277"},"modified":"2014-11-13T10:39:43","modified_gmt":"2014-11-13T13:39:43","slug":"justica-para-conquista-nao-perder-territorio-arlindo-reboucas-busca-manutencao-de-lei-estadual","status":"publish","type":"post","link":"https:\/\/www.walcordeiro.com.br\/v1\/2014\/11\/13\/justica-para-conquista-nao-perder-territorio-arlindo-reboucas-busca-manutencao-de-lei-estadual\/","title":{"rendered":"Justi\u00e7a: Para Conquista n\u00e3o perder territ\u00f3rio Arlindo Rebou\u00e7as busca manuten\u00e7\u00e3o de Lei Estadual"},"content":{"rendered":"<figure id=\"attachment_179514\"><a href=\"http:\/\/img.blogdoanderson.com\/2014\/11\/DSC-0502.jpg\"><img loading=\"lazy\" decoding=\"async\" alt=\"Foto: Blog do Anderson\" src=\"http:\/\/img.blogdoanderson.com\/2014\/11\/DSC-0502-420x278.jpg\" width=\"420\" height=\"278\" \/><\/a><figcaption>Foto: Blog do Anderson<\/figcaption><\/figure>\n<p><strong><a href=\"http:\/\/www.blogdoanderson.com\/2014\/05\/22\/justica-conquista-perde-espaco-para-anage\/\" target=\"_blank\">Conforme o Blog do Anderson anunciou no primeiro trimestre deste ano<\/a><\/strong>, Vit\u00f3ria da Conquista poder\u00e1 ter o seu territ\u00f3rio reduzido. Isso por conta de uma a\u00e7\u00e3o movida pela Prefeitura Municipal de Anag\u00e9 exigindo uma antiga \u00e1rea que pertencia ao seu mapa. Preocupado com a situa\u00e7\u00e3o, o vereador Arlindo Santos Rebou\u00e7as (PROS), l\u00edder da Oposi\u00e7\u00e3o no Legislativo Conquistense, levou o conhecimento aos demais edis na manh\u00e3 desta quarta-feira (12). De acordo com Rebou\u00e7as,\u00a0<strong><a href=\"http:\/\/img.blogdoanderson.com\/2014\/05\/Acordao-ADIN.pdf\" target=\"_blank\">a Lei Estadual 12.564\/2012<\/a><\/strong>, atualiza os limites dos munic\u00edpios que integram o Territ\u00f3rio de Identidade de Vit\u00f3ria da Conquista, a exemplo de Anag\u00e9, Planalto, Barra do Cho\u00e7a, Ribeir\u00e3o do Largo, Encruzilhada, C\u00e2ndido Sales e Belo Campo. Uma A\u00e7\u00e3o de Inconstitucionalidade (ADI), movida pelas Prefeituras de Anag\u00e9 e Presidente J\u00e2nio Quadros, respectivamente, alegando que a Assembleia Legislativa da Bahia n\u00e3o tem compet\u00eancia para legislar sobre limites de unidades federativas. Segundo o vereador, caso a Lei 12.564\/2012 seja anulada, v\u00e1rias comunidades deixam de pertencer a Vit\u00f3ria da Conquista. Somente no Distrito de Jos\u00e9 Gon\u00e7alves mais de 20 localidades passar\u00e3o a pertencer ao Munic\u00edpio de Anag\u00e9, gerando intranquilidade na comunidade. Entre elas est\u00e3o os povoados de Roseira, Tanque Velho, Batista, Catarina I e II, Boa Sorte, M\u00e3e Eleot\u00e9ria, Boqueir\u00e3o, Vis\u00e3o, Deus Dar\u00e1, Baixa do Muqu\u00e9m, Lagoa do Mulatinho, Lagoa do Fac\u00e3o, Lagoinha, Baixa do Coc\u00e1, Quebra Mato, Barreiro e Lagoa de Simpl\u00edcio.<em>\u00a0\u201cSomente a\u00ed s\u00e3o mais de cinco mil habitantes que perder\u00e3o benef\u00edcios nas \u00e1reas de sa\u00fade, educa\u00e7\u00e3o, infraestrutura, consideramos isso um tremendo absurdo\u201d.<\/em><\/p>\n<p><a href=\"http:\/\/img.blogdoanderson.com\/2014\/11\/mapa-Conquista.jpg\"><img loading=\"lazy\" decoding=\"async\" alt=\"mapa_Conquista\" src=\"http:\/\/img.blogdoanderson.com\/2014\/11\/mapa-Conquista-420x285.jpg\" width=\"420\" height=\"285\" \/><\/a><\/p>\n<p>Ainda, conforme o parlamentar, o Munic\u00edpio de Anag\u00e9 n\u00e3o tem condi\u00e7\u00e3o de manter os servi\u00e7os existentes nas localidades que pertencem a Vit\u00f3ria da Conquista, ainda que haja aumento do FPM.\u00a0<em>\u201cN\u00e3o tem l\u00f3gica permitir que esse absurdo aconte\u00e7a, todas as escrituras de im\u00f3veis, t\u00edtulos de eleitor, registro de nascimento, sa\u00fade e educa\u00e7\u00e3o s\u00e3o de Vit\u00f3ria da Conquista; caso essa lei seja considerada inconstitucional, a sede do Munic\u00edpio de Maetinga ficar\u00e1 dentro do Munic\u00edpio de J\u00e2nio Quadros, temos de nos mobilizar, pois a maior prejudicada com a mudan\u00e7a ser\u00e1 a comunidade\u201d,<\/em>\u00a0disse, acrescentando que a Prefeitura de Anag\u00e9 n\u00e3o tem um \u00fanico servi\u00e7o prestado \u00e0s comunidades citadas. O vereador Arlindo Rebou\u00e7as agradeceu a Superintend\u00eancia de Estudos Econ\u00f4micos e Sociais da Bahia (SEI) pela assessoria prestada na elabora\u00e7\u00e3o da lei, e sugeriu a realiza\u00e7\u00e3o de audi\u00eancia p\u00fablica nas localidades que ser\u00e3o afetadas, al\u00e9m de uma reuni\u00e3o do presidente da C\u00e2mara, Fernando Vasconcelos Silva (PT) e dele [Arlindo] com a desembargadora Ilana M\u00e1rcia Reis, para apresentar a situa\u00e7\u00e3o.<em>\u00a0\u201cTemos que encontrar uma solu\u00e7\u00e3o, se essa lei for revogada, o vereador Luciano Gomes vai morar em Itamb\u00e9, a localidade de Po\u00e7o Comprido passa a pertencer a Belo Campo, \u00e9 algo sem sentido\u201d,<\/em>\u00a0concluiu. Fonte: Blog do Anderson<\/p>\n","protected":false},"excerpt":{"rendered":"<p>Foto: Blog do Anderson Conforme o Blog do Anderson anunciou no primeiro trimestre deste ano, Vit\u00f3ria da Conquista poder\u00e1 ter o seu territ\u00f3rio reduzido. Isso por conta de uma a\u00e7\u00e3o movida pela Prefeitura Municipal de Anag\u00e9 exigindo uma antiga \u00e1rea que pertencia ao seu mapa. Preocupado com a situa\u00e7\u00e3o, o vereador Arlindo Santos Rebou\u00e7as (PROS), l\u00edder da Oposi\u00e7\u00e3o no Legislativo Conquistense, levou o conhecimento aos demais edis na manh\u00e3 desta quarta-feira (12). De acordo com Rebou\u00e7as,\u00a0a Lei Estadual 12.564\/2012, atualiza os limites dos munic\u00edpios que integram o Territ\u00f3rio de Identidade de Vit\u00f3ria da Conquista, a exemplo de Anag\u00e9, Planalto, Barra&#8230;<\/p>\n","protected":false},"author":2,"featured_media":0,"comment_status":"open","ping_status":"open","sticky":false,"template":"","format":"standard","meta":{"footnotes":"","_links_to":"","_links_to_target":""},"categories":[6],"tags":[],"class_list":["post-63277","post","type-post","status-publish","format-standard","hentry","category-noticias"],"acf":[],"views":844,"_links":{"self":[{"href":"https:\/\/www.walcordeiro.com.br\/v1\/wp-json\/wp\/v2\/posts\/63277","targetHints":{"allow":["GET"]}}],"collection":[{"href":"https:\/\/www.walcordeiro.com.br\/v1\/wp-json\/wp\/v2\/posts"}],"about":[{"href":"https:\/\/www.walcordeiro.com.br\/v1\/wp-json\/wp\/v2\/types\/post"}],"author":[{"embeddable":true,"href":"https:\/\/www.walcordeiro.com.br\/v1\/wp-json\/wp\/v2\/users\/2"}],"replies":[{"embeddable":true,"href":"https:\/\/www.walcordeiro.com.br\/v1\/wp-json\/wp\/v2\/comments?post=63277"}],"version-history":[{"count":2,"href":"https:\/\/www.walcordeiro.com.br\/v1\/wp-json\/wp\/v2\/posts\/63277\/revisions"}],"predecessor-version":[{"id":63279,"href":"https:\/\/www.walcordeiro.com.br\/v1\/wp-json\/wp\/v2\/posts\/63277\/revisions\/63279"}],"wp:attachment":[{"href":"https:\/\/www.walcordeiro.com.br\/v1\/wp-json\/wp\/v2\/media?parent=63277"}],"wp:term":[{"taxonomy":"category","embeddable":true,"href":"https:\/\/www.walcordeiro.com.br\/v1\/wp-json\/wp\/v2\/categories?post=63277"},{"taxonomy":"post_tag","embeddable":true,"href":"https:\/\/www.walcordeiro.com.br\/v1\/wp-json\/wp\/v2\/tags?post=63277"}],"curies":[{"name":"wp","href":"https:\/\/api.w.org\/{rel}","templated":true}]}}