{"id":6324,"date":"2010-04-15T10:02:52","date_gmt":"2010-04-15T13:02:52","guid":{"rendered":"http:\/\/www.walcordeiro.com.br\/v1\/?p=6324"},"modified":"2010-04-15T10:03:09","modified_gmt":"2010-04-15T13:03:09","slug":"culto-da-igreja-assembleia-de-deus-de-madureira-vira-palanque-politico","status":"publish","type":"post","link":"https:\/\/www.walcordeiro.com.br\/v1\/2010\/04\/15\/culto-da-igreja-assembleia-de-deus-de-madureira-vira-palanque-politico\/","title":{"rendered":"Culto da Igreja Assembl\u00e9ia de Deus de Madureira vira palanque pol\u00edtico"},"content":{"rendered":"<p style=\"text-align: center;\"><img loading=\"lazy\" decoding=\"async\" class=\"aligncenter\" src=\"http:\/\/noticias.gospelmais.com.br\/wp-content\/themes\/gnoticias\/scripts\/timthumb.php?src=http:\/\/noticias.gospelmais.com.br\/\/wp-content\/uploads\/2009\/08\/garotinho.jpg&amp;w=150&amp;h=150&amp;zc=1&amp;q=100\" alt=\"Culto da Igreja Assembl\u00e9ia de Deus de Madureira vira palanque pol\u00edtico\" width=\"150\" height=\"150\" \/><\/p>\n<p>O que deveria ser s\u00f3 um culto religioso, com cerca de cinco mil evang\u00e9licos, na Assembleia de Deus de Madureira, transformou-se ontem em palanque eleitoral liderado pelo ex-governador Anthony Garotinho, pr\u00e9-candidato do PR ao governo. Ao lado da mulher, a prefeita de Campos, Rosinha Garotinho, e do pastor Manoel Ferreira, que disputar\u00e1 o Senado pelo PR, Garotinho, em seu discurso, pregou: \u201cVai ser eleito governador de tudo que \u00e9 tipo e senador de tudo que \u00e9 estado do Brasil. Mas s\u00f3 vai ser eleito um governador crente, um senador crente\u201d.<\/p>\n<p>O evento marcou o lan\u00e7amento do \u201cManual Feminino da Cidadania\u201d, que reproduz trechos pol\u00eamicos do Programa Nacional de Direitos Humanos do governo Lula \u2013 como o apoio ao projeto de lei que defende a uni\u00e3o civil de pessoas do mesmo sexo, criticado por Garotinho.<\/p>\n<p>O manual distribu\u00eddo ao fi\u00e9is destaca as \u201c22 raz\u00f5es para n\u00e3o fazer aborto\u201d, ao lado de imagens de fetos mortos. S\u00e3o listadas ainda as \u201c22 raz\u00f5es para orar por Garotinho\u201d. Na contracapa, ele aparece com Rosinha e os filhos, com o t\u00edtulo: \u201cQuem tem fam\u00edlia, defende fam\u00edlia\u201d.<!--more--><\/p>\n<p>Fonte: O Globo \u00a0\/ Gospel+<\/p>\n","protected":false},"excerpt":{"rendered":"<p>O que deveria ser s\u00f3 um culto religioso, com cerca de cinco mil evang\u00e9licos, na Assembleia de Deus de Madureira, transformou-se ontem em palanque eleitoral liderado pelo ex-governador Anthony Garotinho, pr\u00e9-candidato do PR ao governo. Ao lado da mulher, a prefeita de Campos, Rosinha Garotinho, e do pastor Manoel Ferreira, que disputar\u00e1 o Senado pelo PR, Garotinho, em seu discurso, pregou: \u201cVai ser eleito governador de tudo que \u00e9 tipo e senador de tudo que \u00e9 estado do Brasil. Mas s\u00f3 vai ser eleito um governador crente, um senador crente\u201d. O evento marcou o lan\u00e7amento do \u201cManual Feminino da Cidadania\u201d,&#8230;<\/p>\n","protected":false},"author":2,"featured_media":0,"comment_status":"open","ping_status":"open","sticky":false,"template":"","format":"standard","meta":{"footnotes":"","_links_to":"","_links_to_target":""},"categories":[6],"tags":[2985,2986,2987,2988,2989,2990,2991,2992,2993,2994,2995,2996,276,769,2997,2998,2999,3000,3001,3002,3003,3004,3005,3006,518,3007,3008,3009,3010,715,770,3011,3012,3013,3014,3015,3016,3017],"class_list":["post-6324","post","type-post","status-publish","format-standard","hentry","category-noticias","tag-anthony-garotinho","tag-bispo-manoel-ferreira","tag-bleia","tag-candidatos-eleicoes-2010","tag-candidatos-governador-rio-de-janeiro","tag-crivella-universal","tag-culto-assembleia-de-deus","tag-denuncia-do-ministerio-publico","tag-dia-da-votacao-do-primeiro-turno","tag-dia-da-votacao-do-segundo-turno","tag-dia-votacao-primeiro-turno","tag-dia-votacao-segundo-turno","tag-eleicoes-2010","tag-garotinho","tag-garotinho-evangelico","tag-garotinho-governador","tag-governadora-rosinha","tag-horario-eleitoral","tag-igreja-assembleia-de-deus","tag-igreja-assembleia-de-deus-de-madureira","tag-igreja-de-anthony-garotinho","tag-investigacao-do-ministerio-publico","tag-manoel-ferreira","tag-marcelo-crivella","tag-ministerio-publico","tag-pastor-manoel-ferreira","tag-politico-evangelico","tag-quando-comeca-o-horario-eleitoral","tag-quando-termina-o-horario-eleitoral","tag-rio-de-janeiro","tag-rosinha","tag-rosinha-evangelica","tag-rosinha-garotinho","tag-rosinha-mateus","tag-senador-rio-de-janeiro","tag-votar-em-evangelico","tag-votar-na-marina-silva","tag-votar-no-crivella"],"acf":[],"views":1375,"_links":{"self":[{"href":"https:\/\/www.walcordeiro.com.br\/v1\/wp-json\/wp\/v2\/posts\/6324","targetHints":{"allow":["GET"]}}],"collection":[{"href":"https:\/\/www.walcordeiro.com.br\/v1\/wp-json\/wp\/v2\/posts"}],"about":[{"href":"https:\/\/www.walcordeiro.com.br\/v1\/wp-json\/wp\/v2\/types\/post"}],"author":[{"embeddable":true,"href":"https:\/\/www.walcordeiro.com.br\/v1\/wp-json\/wp\/v2\/users\/2"}],"replies":[{"embeddable":true,"href":"https:\/\/www.walcordeiro.com.br\/v1\/wp-json\/wp\/v2\/comments?post=6324"}],"version-history":[{"count":3,"href":"https:\/\/www.walcordeiro.com.br\/v1\/wp-json\/wp\/v2\/posts\/6324\/revisions"}],"predecessor-version":[{"id":6327,"href":"https:\/\/www.walcordeiro.com.br\/v1\/wp-json\/wp\/v2\/posts\/6324\/revisions\/6327"}],"wp:attachment":[{"href":"https:\/\/www.walcordeiro.com.br\/v1\/wp-json\/wp\/v2\/media?parent=6324"}],"wp:term":[{"taxonomy":"category","embeddable":true,"href":"https:\/\/www.walcordeiro.com.br\/v1\/wp-json\/wp\/v2\/categories?post=6324"},{"taxonomy":"post_tag","embeddable":true,"href":"https:\/\/www.walcordeiro.com.br\/v1\/wp-json\/wp\/v2\/tags?post=6324"}],"curies":[{"name":"wp","href":"https:\/\/api.w.org\/{rel}","templated":true}]}}