{"id":62176,"date":"2014-09-18T21:00:50","date_gmt":"2014-09-19T00:00:50","guid":{"rendered":"http:\/\/www.walcordeiro.com.br\/v1\/?p=62176"},"modified":"2014-09-18T21:00:50","modified_gmt":"2014-09-19T00:00:50","slug":"delator-teria-recebido-r-15-milhao-com-a-compra-de-pasadena-diz-tv","status":"publish","type":"post","link":"https:\/\/www.walcordeiro.com.br\/v1\/2014\/09\/18\/delator-teria-recebido-r-15-milhao-com-a-compra-de-pasadena-diz-tv\/","title":{"rendered":"Delator teria recebido R$ 1,5 milh\u00e3o com a compra de Pasadena, diz TV"},"content":{"rendered":"<p>O ex-diretor da Petrobras Paulo Roberto Costa, preso na opera\u00e7\u00e3o Lava Jato, informou a investigadores a exist\u00eancia de propina na compra da refinaria de Pasadena, nos Estados Unidos. O delator, segundo reportagem do &#8220;Jornal Nacional&#8221;, da &#8220;TV Globo&#8221;, teria recebido R$ 1,5 milh\u00e3o com a negocia\u00e7\u00e3o.<\/p>\n<p>Costa foi convocado para depor na sess\u00e3o da CPI (Comiss\u00e3o Parlamentar de Inqu\u00e9rito) mista da Petrobras, realizada na \u00faltima quarta-feira (17), mas n\u00e3o respondeu a nenhuma pergunta. &#8220;A reuni\u00e3o pode ser aberta, mas vou permanecer em sil\u00eancio&#8221;, disse o ex-diretor ao chegar na sala da comiss\u00e3o.<\/p>\n<p>O ex-diretor foi preso em mar\u00e7o com a deflagra\u00e7\u00e3o da Opera\u00e7\u00e3o Lava Jato da Pol\u00edcia Federal. H\u00e1 suspeitas de que Costa tenha destru\u00eddo provas de seu envolvimento no caso. Para tentar reduzir a pena em uma poss\u00edvel condena\u00e7\u00e3o, ele decidiu no meio de agosto contribuir com as investiga\u00e7\u00f5es, por meio de dela\u00e7\u00e3o premiada.<!--more--><\/p>\n<p><strong><a href=\"http:\/\/congressoemfoco.uol.com.br\/noticias\/a-lista-dos-politicos-delatados-por-ex-diretor-da-petrobras\/\">Segundo a revista &#8220;Veja&#8221;, Costa revelou o envolvimento de diversos pol\u00edticos em um esquema de propina<\/a><\/strong>\u00a0abastecido com recursos desviados da estatal. Mas, apesar das revela\u00e7\u00f5es, o ex-diretor ainda precisar\u00e1 esperar o fim do seu julgamento para saber se eventualmente ter\u00e1 a sua pena reduzida.<\/p>\n<p>As den\u00fancias feitas por ele ainda precisar\u00e3o ser investigadas e comprovadas para s\u00f3 ent\u00e3o o juiz decidir se ser\u00e3o consideradas v\u00e1lidas,\u00a0<a href=\"http:\/\/noticias.uol.com.br\/politica\/ultimas-noticias\/2014\/09\/09\/beneficio-por-delacao-premiada-nao-e-automatico-entenda-como-funciona.htm\"><strong>explica o professor de direito penal e procurador federal Carlos Eduardo Vasconcelos<\/strong><\/a>, que n\u00e3o participa do caso.<\/p>\n<p>Fonte: UOL Noticias<\/p>\n","protected":false},"excerpt":{"rendered":"<p>O ex-diretor da Petrobras Paulo Roberto Costa, preso na opera\u00e7\u00e3o Lava Jato, informou a investigadores a exist\u00eancia de propina na compra da refinaria de Pasadena, nos Estados Unidos. O delator, segundo reportagem do &#8220;Jornal Nacional&#8221;, da &#8220;TV Globo&#8221;, teria recebido R$ 1,5 milh\u00e3o com a negocia\u00e7\u00e3o. Costa foi convocado para depor na sess\u00e3o da CPI (Comiss\u00e3o Parlamentar de Inqu\u00e9rito) mista da Petrobras, realizada na \u00faltima quarta-feira (17), mas n\u00e3o respondeu a nenhuma pergunta. &#8220;A reuni\u00e3o pode ser aberta, mas vou permanecer em sil\u00eancio&#8221;, disse o ex-diretor ao chegar na sala da comiss\u00e3o. O ex-diretor foi preso em mar\u00e7o com a&#8230;<\/p>\n","protected":false},"author":2,"featured_media":0,"comment_status":"open","ping_status":"open","sticky":false,"template":"","format":"standard","meta":{"footnotes":"","_links_to":"","_links_to_target":""},"categories":[6],"tags":[],"class_list":["post-62176","post","type-post","status-publish","format-standard","hentry","category-noticias"],"acf":[],"views":473,"_links":{"self":[{"href":"https:\/\/www.walcordeiro.com.br\/v1\/wp-json\/wp\/v2\/posts\/62176","targetHints":{"allow":["GET"]}}],"collection":[{"href":"https:\/\/www.walcordeiro.com.br\/v1\/wp-json\/wp\/v2\/posts"}],"about":[{"href":"https:\/\/www.walcordeiro.com.br\/v1\/wp-json\/wp\/v2\/types\/post"}],"author":[{"embeddable":true,"href":"https:\/\/www.walcordeiro.com.br\/v1\/wp-json\/wp\/v2\/users\/2"}],"replies":[{"embeddable":true,"href":"https:\/\/www.walcordeiro.com.br\/v1\/wp-json\/wp\/v2\/comments?post=62176"}],"version-history":[{"count":1,"href":"https:\/\/www.walcordeiro.com.br\/v1\/wp-json\/wp\/v2\/posts\/62176\/revisions"}],"predecessor-version":[{"id":62177,"href":"https:\/\/www.walcordeiro.com.br\/v1\/wp-json\/wp\/v2\/posts\/62176\/revisions\/62177"}],"wp:attachment":[{"href":"https:\/\/www.walcordeiro.com.br\/v1\/wp-json\/wp\/v2\/media?parent=62176"}],"wp:term":[{"taxonomy":"category","embeddable":true,"href":"https:\/\/www.walcordeiro.com.br\/v1\/wp-json\/wp\/v2\/categories?post=62176"},{"taxonomy":"post_tag","embeddable":true,"href":"https:\/\/www.walcordeiro.com.br\/v1\/wp-json\/wp\/v2\/tags?post=62176"}],"curies":[{"name":"wp","href":"https:\/\/api.w.org\/{rel}","templated":true}]}}