{"id":61420,"date":"2014-08-11T10:42:16","date_gmt":"2014-08-11T13:42:16","guid":{"rendered":"http:\/\/www.walcordeiro.com.br\/v1\/?p=61420"},"modified":"2014-08-11T10:42:16","modified_gmt":"2014-08-11T13:42:16","slug":"conquista-bandido-e-morto-durante-assalto-no-bairro-patagonia","status":"publish","type":"post","link":"https:\/\/www.walcordeiro.com.br\/v1\/2014\/08\/11\/conquista-bandido-e-morto-durante-assalto-no-bairro-patagonia\/","title":{"rendered":"Conquista: Bandido \u00e9 morto durante assalto no bairro Patag\u00f4nia"},"content":{"rendered":"<p>&nbsp;<\/p>\n<p><a href=\"http:\/\/static.blogdaresenhageral.com.br\/wp-content\/uploads\/2013\/11\/Viol%C3%AAncia.jpg?150b87\"><img loading=\"lazy\" decoding=\"async\" alt=\"Viol\u00eancia\" src=\"http:\/\/static.blogdaresenhageral.com.br\/wp-content\/uploads\/2013\/11\/Viol%C3%AAncia-300x212.jpg?150b87\" width=\"300\" height=\"212\" \/><\/a><\/p>\n<p>No in\u00edcio da noite de ontem, uma guarni\u00e7\u00e3o da Pol\u00edcia Militar se deslocou at\u00e9 uma farm\u00e1cia na avenida Frei Benjamim, bairro Patag\u00f4nia, em Vit\u00f3ria da Conquista para averiguar informa\u00e7\u00e3o sobre um homic\u00eddio. No local, os policiais confirmaram o fato, foi encontrado o corpo de um jovem sem identifica\u00e7\u00e3o.<\/p>\n<p>Segundo populares, o indiv\u00edduo chegou numa motocicleta acompanhado por outro homem, que ficou esperando em frente ao estabelecimento. Um deles entrou na farm\u00e1cia com um rev\u00f3lver e anunciou o roubo. Ele conseguiu levar uma quantia em dinheiro do caixa e quando se preparava para sair um dos clientes sacou uma arma e disparou tiros contra o assaltante.<\/p>\n<p>O cliente, que n\u00e3o foi identificado, fugiu do local e populares entregaram para a guarni\u00e7\u00e3o o revolver calibre 38 que estava em com o assaltante que foi baleado. O rev\u00f3lver foi apresentado na delegacia para medidas cab\u00edveis. Blog da resenha<\/p>\n","protected":false},"excerpt":{"rendered":"<p>&nbsp; No in\u00edcio da noite de ontem, uma guarni\u00e7\u00e3o da Pol\u00edcia Militar se deslocou at\u00e9 uma farm\u00e1cia na avenida Frei Benjamim, bairro Patag\u00f4nia, em Vit\u00f3ria da Conquista para averiguar informa\u00e7\u00e3o sobre um homic\u00eddio. No local, os policiais confirmaram o fato, foi encontrado o corpo de um jovem sem identifica\u00e7\u00e3o. Segundo populares, o indiv\u00edduo chegou numa motocicleta acompanhado por outro homem, que ficou esperando em frente ao estabelecimento. Um deles entrou na farm\u00e1cia com um rev\u00f3lver e anunciou o roubo. Ele conseguiu levar uma quantia em dinheiro do caixa e quando se preparava para sair um dos clientes sacou uma arma&#8230;<\/p>\n","protected":false},"author":2,"featured_media":0,"comment_status":"open","ping_status":"open","sticky":false,"template":"","format":"standard","meta":{"footnotes":"","_links_to":"","_links_to_target":""},"categories":[6],"tags":[],"class_list":["post-61420","post","type-post","status-publish","format-standard","hentry","category-noticias"],"acf":[],"views":417,"_links":{"self":[{"href":"https:\/\/www.walcordeiro.com.br\/v1\/wp-json\/wp\/v2\/posts\/61420","targetHints":{"allow":["GET"]}}],"collection":[{"href":"https:\/\/www.walcordeiro.com.br\/v1\/wp-json\/wp\/v2\/posts"}],"about":[{"href":"https:\/\/www.walcordeiro.com.br\/v1\/wp-json\/wp\/v2\/types\/post"}],"author":[{"embeddable":true,"href":"https:\/\/www.walcordeiro.com.br\/v1\/wp-json\/wp\/v2\/users\/2"}],"replies":[{"embeddable":true,"href":"https:\/\/www.walcordeiro.com.br\/v1\/wp-json\/wp\/v2\/comments?post=61420"}],"version-history":[{"count":1,"href":"https:\/\/www.walcordeiro.com.br\/v1\/wp-json\/wp\/v2\/posts\/61420\/revisions"}],"predecessor-version":[{"id":61421,"href":"https:\/\/www.walcordeiro.com.br\/v1\/wp-json\/wp\/v2\/posts\/61420\/revisions\/61421"}],"wp:attachment":[{"href":"https:\/\/www.walcordeiro.com.br\/v1\/wp-json\/wp\/v2\/media?parent=61420"}],"wp:term":[{"taxonomy":"category","embeddable":true,"href":"https:\/\/www.walcordeiro.com.br\/v1\/wp-json\/wp\/v2\/categories?post=61420"},{"taxonomy":"post_tag","embeddable":true,"href":"https:\/\/www.walcordeiro.com.br\/v1\/wp-json\/wp\/v2\/tags?post=61420"}],"curies":[{"name":"wp","href":"https:\/\/api.w.org\/{rel}","templated":true}]}}