{"id":6136,"date":"2010-04-14T08:07:06","date_gmt":"2010-04-14T11:07:06","guid":{"rendered":"http:\/\/www.walcordeiro.com.br\/v1\/?p=6136"},"modified":"2010-04-14T08:07:06","modified_gmt":"2010-04-14T11:07:06","slug":"serra-visita-a-bahia-hoje","status":"publish","type":"post","link":"https:\/\/www.walcordeiro.com.br\/v1\/2010\/04\/14\/serra-visita-a-bahia-hoje\/","title":{"rendered":"Serra visita a Bahia hoje"},"content":{"rendered":"<p style=\"text-align: center;\"><img loading=\"lazy\" decoding=\"async\" class=\"aligncenter\" src=\"http:\/\/www.caras.com.br\/imagens\/134365\/20100217111222_134365_large_jose-serra-passa-o-carnaval-em-salvador-com-politicos-como-o-senador-paulo-souto-o-deputado-federal-acm-neto-o-ministro-geddel-vieira-lima-e-o-ex-prefeito-antonio-imbassahy.jpg\" alt=\"\" width=\"360\" height=\"240\" \/><\/p>\n<p>O pr\u00e9-candidato tucano Jos\u00e9 Serra vir\u00e1 nesta quarta feira a Salvador e aqui desembarca \u00e0s14h. Vir\u00e1 visitar as obras sociais da Irm\u00e3 Dulce, mas, na verdade, se trata de campanha \u00e0 Presid\u00eancia, na medida em que tamb\u00e9m visitar\u00e1 o Mercado Modelo, um dos emblemas baianos. Democratas e tucanos baianos o receber\u00e3o e o acompanhar\u00e3o nas visitas. A programa\u00e7\u00e3o de Serra foi fechada\u00a0nesta ter\u00e7a.\u00a0\u00a0<\/p>\n<p>Bahia Noticias<\/p>\n","protected":false},"excerpt":{"rendered":"<p>O pr\u00e9-candidato tucano Jos\u00e9 Serra vir\u00e1 nesta quarta feira a Salvador e aqui desembarca \u00e0s14h. Vir\u00e1 visitar as obras sociais da Irm\u00e3 Dulce, mas, na verdade, se trata de campanha \u00e0 Presid\u00eancia, na medida em que tamb\u00e9m visitar\u00e1 o Mercado Modelo, um dos emblemas baianos. Democratas e tucanos baianos o receber\u00e3o e o acompanhar\u00e3o nas visitas. A programa\u00e7\u00e3o de Serra foi fechada\u00a0nesta ter\u00e7a.\u00a0\u00a0 Bahia Noticias<\/p>\n","protected":false},"author":2,"featured_media":0,"comment_status":"open","ping_status":"open","sticky":false,"template":"","format":"standard","meta":{"footnotes":"","_links_to":"","_links_to_target":""},"categories":[6],"tags":[134,222,252,869],"class_list":["post-6136","post","type-post","status-publish","format-standard","hentry","category-noticias","tag-acm-neto","tag-bahia","tag-eleicoes","tag-serra"],"acf":[],"views":617,"_links":{"self":[{"href":"https:\/\/www.walcordeiro.com.br\/v1\/wp-json\/wp\/v2\/posts\/6136","targetHints":{"allow":["GET"]}}],"collection":[{"href":"https:\/\/www.walcordeiro.com.br\/v1\/wp-json\/wp\/v2\/posts"}],"about":[{"href":"https:\/\/www.walcordeiro.com.br\/v1\/wp-json\/wp\/v2\/types\/post"}],"author":[{"embeddable":true,"href":"https:\/\/www.walcordeiro.com.br\/v1\/wp-json\/wp\/v2\/users\/2"}],"replies":[{"embeddable":true,"href":"https:\/\/www.walcordeiro.com.br\/v1\/wp-json\/wp\/v2\/comments?post=6136"}],"version-history":[{"count":2,"href":"https:\/\/www.walcordeiro.com.br\/v1\/wp-json\/wp\/v2\/posts\/6136\/revisions"}],"predecessor-version":[{"id":6138,"href":"https:\/\/www.walcordeiro.com.br\/v1\/wp-json\/wp\/v2\/posts\/6136\/revisions\/6138"}],"wp:attachment":[{"href":"https:\/\/www.walcordeiro.com.br\/v1\/wp-json\/wp\/v2\/media?parent=6136"}],"wp:term":[{"taxonomy":"category","embeddable":true,"href":"https:\/\/www.walcordeiro.com.br\/v1\/wp-json\/wp\/v2\/categories?post=6136"},{"taxonomy":"post_tag","embeddable":true,"href":"https:\/\/www.walcordeiro.com.br\/v1\/wp-json\/wp\/v2\/tags?post=6136"}],"curies":[{"name":"wp","href":"https:\/\/api.w.org\/{rel}","templated":true}]}}