{"id":60807,"date":"2014-07-15T15:16:41","date_gmt":"2014-07-15T18:16:41","guid":{"rendered":"http:\/\/www.walcordeiro.com.br\/v1\/?p=60807"},"modified":"2014-07-15T15:16:41","modified_gmt":"2014-07-15T18:16:41","slug":"conquista-homens-assaltam-loja-da-oi-no-bairro-brasil-e-sao-presos-pela-policia","status":"publish","type":"post","link":"https:\/\/www.walcordeiro.com.br\/v1\/2014\/07\/15\/conquista-homens-assaltam-loja-da-oi-no-bairro-brasil-e-sao-presos-pela-policia\/","title":{"rendered":"Conquista: homens assaltam loja da Oi no Bairro Brasil e s\u00e3o presos pela pol\u00edcia"},"content":{"rendered":"<p><a href=\"http:\/\/www.blogdorodrigoferraz.com.br\/v1\/wp-content\/uploads\/2014\/07\/assaltos-oi.jpg\" data-slb-group=\"27629\" data-slb-active=\"1\" data-slb-internal=\"0\"><img loading=\"lazy\" decoding=\"async\" alt=\"assaltos oi\" src=\"http:\/\/www.blogdorodrigoferraz.com.br\/v1\/wp-content\/uploads\/2014\/07\/assaltos-oi.jpg\" width=\"420\" height=\"315\" \/><\/a><\/p>\n<p>No in\u00edcio da tarde de hoje (ter\u00e7a-feira) dois homens armados tentaram assaltar uma loja da Oi localizada na Avenida Piau\u00ed, no Bairro Brasil, em Vit\u00f3ria da Conquista.<\/p>\n<p>Logo depois da a\u00e7\u00e3o da dupla, os homens chegaram a atirar pra cima, mas a Pol\u00edcia Militar conseguiu impedir a a\u00e7\u00e3o dos assaltantes e encaminhou os acusados, que ainda n\u00e3o tiveram as identidades reveladas, para o Distrito Integrado de Seguran\u00e7a P\u00fablica (Disep).<\/p>\n<p>De acordo com a pol\u00edcia, os homens podem ser acusados de realizarem outros assaltos a estabelecimentos comerciais na cidade. Fonte: Blog do Rodrigo Ferraz<\/p>\n","protected":false},"excerpt":{"rendered":"<p>No in\u00edcio da tarde de hoje (ter\u00e7a-feira) dois homens armados tentaram assaltar uma loja da Oi localizada na Avenida Piau\u00ed, no Bairro Brasil, em Vit\u00f3ria da Conquista. Logo depois da a\u00e7\u00e3o da dupla, os homens chegaram a atirar pra cima, mas a Pol\u00edcia Militar conseguiu impedir a a\u00e7\u00e3o dos assaltantes e encaminhou os acusados, que ainda n\u00e3o tiveram as identidades reveladas, para o Distrito Integrado de Seguran\u00e7a P\u00fablica (Disep). De acordo com a pol\u00edcia, os homens podem ser acusados de realizarem outros assaltos a estabelecimentos comerciais na cidade. Fonte: Blog do Rodrigo Ferraz<\/p>\n","protected":false},"author":2,"featured_media":0,"comment_status":"open","ping_status":"open","sticky":false,"template":"","format":"standard","meta":{"footnotes":"","_links_to":"","_links_to_target":""},"categories":[6],"tags":[],"class_list":["post-60807","post","type-post","status-publish","format-standard","hentry","category-noticias"],"acf":[],"views":595,"_links":{"self":[{"href":"https:\/\/www.walcordeiro.com.br\/v1\/wp-json\/wp\/v2\/posts\/60807","targetHints":{"allow":["GET"]}}],"collection":[{"href":"https:\/\/www.walcordeiro.com.br\/v1\/wp-json\/wp\/v2\/posts"}],"about":[{"href":"https:\/\/www.walcordeiro.com.br\/v1\/wp-json\/wp\/v2\/types\/post"}],"author":[{"embeddable":true,"href":"https:\/\/www.walcordeiro.com.br\/v1\/wp-json\/wp\/v2\/users\/2"}],"replies":[{"embeddable":true,"href":"https:\/\/www.walcordeiro.com.br\/v1\/wp-json\/wp\/v2\/comments?post=60807"}],"version-history":[{"count":1,"href":"https:\/\/www.walcordeiro.com.br\/v1\/wp-json\/wp\/v2\/posts\/60807\/revisions"}],"predecessor-version":[{"id":60808,"href":"https:\/\/www.walcordeiro.com.br\/v1\/wp-json\/wp\/v2\/posts\/60807\/revisions\/60808"}],"wp:attachment":[{"href":"https:\/\/www.walcordeiro.com.br\/v1\/wp-json\/wp\/v2\/media?parent=60807"}],"wp:term":[{"taxonomy":"category","embeddable":true,"href":"https:\/\/www.walcordeiro.com.br\/v1\/wp-json\/wp\/v2\/categories?post=60807"},{"taxonomy":"post_tag","embeddable":true,"href":"https:\/\/www.walcordeiro.com.br\/v1\/wp-json\/wp\/v2\/tags?post=60807"}],"curies":[{"name":"wp","href":"https:\/\/api.w.org\/{rel}","templated":true}]}}